{"id":11765,"date":"2026-03-25T17:44:05","date_gmt":"2026-03-25T21:44:05","guid":{"rendered":"https:\/\/www.ascentria.org\/ascentria-care-alliance-nomme-lespace-communautaire-au-lighthouse-en-lhonneur-de-gail-et-edward-bucher\/"},"modified":"2026-03-25T17:45:16","modified_gmt":"2026-03-25T21:45:16","slug":"ascentria-care-alliance-nomme-lespace-communautaire-au-lighthouse-en-lhonneur-de-gail-et-edward-bucher","status":"publish","type":"post","link":"https:\/\/www.ascentria.org\/fr\/ascentria-care-alliance-nomme-lespace-communautaire-au-lighthouse-en-lhonneur-de-gail-et-edward-bucher\/","title":{"rendered":"Ascentria Care Alliance nomme l&rsquo;espace communautaire au Lighthouse en l&rsquo;honneur de Gail et Edward Bucher"},"content":{"rendered":"\n<p>Ascentria Care Alliance est fi\u00e8re de reconna\u00eetre l&rsquo;extraordinaire g\u00e9n\u00e9rosit\u00e9 et l&rsquo;engagement de longue date de <strong>Gail et Edward Bucher<\/strong>, dont le soutien a contribu\u00e9 \u00e0 faire avancer la mission de l&rsquo;organisation pendant pr\u00e8s de trois d\u00e9cennies. En reconnaissance de leur leadership et de leur philanthropie, l&rsquo;aire de rassemblement centrale du si\u00e8ge social d&rsquo;Ascentria \u00e0 Worcester, <strong>The Lighthouse<\/strong><strong>,<\/strong> a \u00e9t\u00e9 nomm\u00e9e l&rsquo;<strong>Espace communautaire Gail et Edward Bucher<\/strong><strong>.<\/strong> <\/p>\n\n<p>Les Buchers sont des partisans d\u00e9vou\u00e9s d&rsquo;Ascentria depuis pr\u00e8s de 30 ans. Gail a d\u00e9j\u00e0 si\u00e9g\u00e9 au conseil d&rsquo;administration de l&rsquo;organisation et poursuit aujourd&rsquo;hui son engagement en tant que <strong>membre \u00e9m\u00e9rite du conseil d&rsquo;administration<\/strong>, tout en continuant \u00e0 participer activement aux comit\u00e9s de gouvernance et aux initiatives de l&rsquo;organisation. <\/p>\n\n<p>Scientifique pharmaceutique \u00e0 la retraite, Gail Bucher est depuis longtemps impliqu\u00e9e dans le leadership et le service \u00e0 but non lucratif. Outre son travail avec Ascentria, elle a soutenu des organisations telles que le Harvard Square Homeless Shelter et l&rsquo;universit\u00e9 MCPHS (anciennement Massachusetts College of Pharmacy and Allied Health Sciences). Elle a \u00e9galement servi sa communaut\u00e9 en tant que diacre et aum\u00f4nier.  <\/p>\n\n<p>Apr\u00e8s avoir obtenu son dipl\u00f4me au Massachusetts Institute of Technology (MIT), Edward a rejoint le personnel du MIT Laboratory o\u00f9 il a pass\u00e9 toute sa carri\u00e8re au sein du personnel et de la direction de divers groupes de la division des communications \u00e9lectroniques. Il a \u00e9galement \u00e9t\u00e9 tr\u00e9sorier de l&rsquo;\u00e9glise luth\u00e9rienne universitaire de Cambridge pendant plus de cinquante ans et membre du comit\u00e9 directeur du minist\u00e8re luth\u00e9rien du MIT pendant de nombreuses ann\u00e9es. Edward est \u00e9galement membre du conseil d&rsquo;administration du Massachusetts College of Pharmacy and Health Sciences.  <\/p>\n\n<p>Gail et Edward ont \u00e9t\u00e9 des d\u00e9fenseurs particuli\u00e8rement passionn\u00e9s de plusieurs programmes d&rsquo;Ascentria, notamment <strong>Ruth House<\/strong>, qui offre un abri et un soutien aux jeunes m\u00e8res et \u00e0 leurs enfants sans abri, et <strong>Good News Garage<\/strong>, qui offre des options de transport abordables et fiables aux personnes et aux familles \u00e0 faible revenu qui cherchent \u00e0 atteindre la stabilit\u00e9 \u00e9conomique.<\/p>\n\n<p>Les Buchers ont d\u00e9clar\u00e9 : \u00ab\u00a0Lors de notre premi\u00e8re visite au phare d&rsquo;Ascentria, il nous a sembl\u00e9 \u00e9vident que ce nouvel espace, avec son immense lumi\u00e8re, \u00e9tait un exemple de s\u00e9curit\u00e9, de communaut\u00e9 et d&rsquo;espoir. Nous avons toujours pens\u00e9 que l&rsquo;environnement physique est important &#8211; les espaces peuvent soit limiter les gens, soit leur donner les moyens de construire de nouvelles communaut\u00e9s. Le Lighthouse montre ce qui est possible lorsque vous cr\u00e9ez un lieu qui refl\u00e8te la dignit\u00e9 et le potentiel des personnes qu&rsquo;il sert.<\/p>\n\n<p>L&rsquo;espace communautaire Gail et Edward Bucher servira de lieu d&rsquo;accueil o\u00f9 le personnel, les partenaires et les membres de la communaut\u00e9 se r\u00e9uniront pour collaborer et renforcer les communaut\u00e9s \u00e0 travers la Nouvelle-Angleterre. Angela Bovill, pr\u00e9sidente-directrice g\u00e9n\u00e9rale d&rsquo;Ascentria, a d\u00e9clar\u00e9 : \u00ab\u00a0Le fait de nommer cet espace honore la croyance durable des Buchers dans le pouvoir des soins centr\u00e9s sur la communaut\u00e9, ainsi que leurs d\u00e9cennies de leadership et de g\u00e9n\u00e9rosit\u00e9 \u00e0 l&rsquo;appui de la mission d&rsquo;Ascentria.\u00a0\u00bb <\/p>\n\n<p>Si vous souhaitez en savoir plus sur la mani\u00e8re dont vous pouvez utiliser l&rsquo;espace communautaire Gail et Edward Bucher pour un \u00e9v\u00e9nement \u00e0 venir, veuillez contacter Menahem \u00ab\u00a0Ben\u00a0\u00bb Bichotte, directeur de l&rsquo;engagement communautaire, \u00e0 l&rsquo;aide de notre formulaire de contact.<\/p>\n\n<p><strong>\u00c0 propos d&rsquo;Ascentria Care Alliance<\/strong><\/p>\n\n<p><br\/>Ascentria Care Alliance est l&rsquo;une des plus grandes organisations de services \u00e0 la personne \u00e0 but non lucratif de la Nouvelle-Angleterre. Depuis plus de 150 ans, Ascentria se consacre au renforcement des communaut\u00e9s et aide les individus et les familles \u00e0 progresser vers plus de stabilit\u00e9, de sant\u00e9 et d&rsquo;opportunit\u00e9s gr\u00e2ce \u00e0 un large \u00e9ventail de programmes, notamment les services aux r\u00e9fugi\u00e9s, les soins et l&rsquo;h\u00e9bergement des personnes \u00e2g\u00e9es, le d\u00e9veloppement de la main-d&rsquo;\u0153uvre et les services de soutien communautaire. <\/p>\n","protected":false},"excerpt":{"rendered":"<p>Ascentria Care Alliance est fi\u00e8re de reconna\u00eetre l&rsquo;extraordinaire g\u00e9n\u00e9rosit\u00e9 et l&rsquo;engagement de longue date de Gail et Edward Bucher, dont le soutien a contribu\u00e9 \u00e0 faire avancer la mission de l&rsquo;organisation pendant pr\u00e8s de trois d\u00e9cennies. En reconnaissance de leur leadership et de leur philanthropie, l&rsquo;aire de rassemblement centrale du si\u00e8ge social d&rsquo;Ascentria \u00e0 Worcester, [&hellip;]<\/p>\n","protected":false},"author":9,"featured_media":11747,"comment_status":"open","ping_status":"open","sticky":false,"template":"","format":"standard","meta":{"_acf_changed":false,"content-type":"","om_disable_all_campaigns":false,"footnotes":""},"categories":[281],"tags":[],"class_list":["post-11765","post","type-post","status-publish","format-standard","has-post-thumbnail","hentry","category-actualites"],"acf":[],"yoast_head":"<!-- This site is optimized with the Yoast SEO Premium plugin v27.4 (Yoast SEO v27.4) - https:\/\/yoast.com\/product\/yoast-seo-premium-wordpress\/ -->\n<title>Ascentria Care Alliance nomme l&#039;espace communautaire au Lighthouse en l&#039;honneur de Gail et Edward Bucher - Ascentria Care Alliance<\/title>\n<meta name=\"robots\" content=\"noindex, follow\" \/>\n<meta property=\"og:locale\" content=\"fr_FR\" \/>\n<meta property=\"og:type\" content=\"article\" \/>\n<meta property=\"og:title\" content=\"Ascentria Care Alliance nomme l&#039;espace communautaire au Lighthouse en l&#039;honneur de Gail et Edward Bucher\" \/>\n<meta property=\"og:description\" content=\"Ascentria Care Alliance est fi\u00e8re de reconna\u00eetre l&rsquo;extraordinaire g\u00e9n\u00e9rosit\u00e9 et l&rsquo;engagement de longue date de Gail et Edward Bucher, dont le soutien a contribu\u00e9 \u00e0 faire avancer la mission de l&rsquo;organisation pendant pr\u00e8s de trois d\u00e9cennies. En reconnaissance de leur leadership et de leur philanthropie, l&rsquo;aire de rassemblement centrale du si\u00e8ge social d&rsquo;Ascentria \u00e0 Worcester, [&hellip;]\" \/>\n<meta property=\"og:url\" content=\"https:\/\/www.ascentria.org\/fr\/ascentria-care-alliance-nomme-lespace-communautaire-au-lighthouse-en-lhonneur-de-gail-et-edward-bucher\/\" \/>\n<meta property=\"og:site_name\" content=\"Ascentria Care Alliance\" \/>\n<meta property=\"article:published_time\" content=\"2026-03-25T21:44:05+00:00\" \/>\n<meta property=\"article:modified_time\" content=\"2026-03-25T21:45:16+00:00\" \/>\n<meta property=\"og:image\" content=\"https:\/\/www.ascentria.org\/wp-content\/uploads\/2026\/03\/2025-10-Ascentria-Lighthouse-Headquarters-Room-Shots-55-scaled.jpg\" \/>\n\t<meta property=\"og:image:width\" content=\"2560\" \/>\n\t<meta property=\"og:image:height\" content=\"1600\" \/>\n\t<meta property=\"og:image:type\" content=\"image\/jpeg\" \/>\n<meta name=\"author\" content=\"Samantha Gauvain\" \/>\n<meta name=\"twitter:card\" content=\"summary_large_image\" \/>\n<meta name=\"twitter:label1\" content=\"\u00c9crit par\" \/>\n\t<meta name=\"twitter:data1\" content=\"Samantha Gauvain\" \/>\n\t<meta name=\"twitter:label2\" content=\"Dur\u00e9e de lecture estim\u00e9e\" \/>\n\t<meta name=\"twitter:data2\" content=\"3 minutes\" \/>\n<script type=\"application\/ld+json\" class=\"yoast-schema-graph\">{\"@context\":\"https:\\\/\\\/schema.org\",\"@graph\":[{\"@type\":\"Article\",\"@id\":\"https:\\\/\\\/www.ascentria.org\\\/fr\\\/ascentria-care-alliance-nomme-lespace-communautaire-au-lighthouse-en-lhonneur-de-gail-et-edward-bucher\\\/#article\",\"isPartOf\":{\"@id\":\"https:\\\/\\\/www.ascentria.org\\\/fr\\\/ascentria-care-alliance-nomme-lespace-communautaire-au-lighthouse-en-lhonneur-de-gail-et-edward-bucher\\\/\"},\"author\":{\"name\":\"Samantha Gauvain\",\"@id\":\"https:\\\/\\\/www.ascentria.org\\\/fr\\\/#\\\/schema\\\/person\\\/1b081cb58a629d260219f4b30a6021fc\"},\"headline\":\"Ascentria Care Alliance nomme l&rsquo;espace communautaire au Lighthouse en l&rsquo;honneur de Gail et Edward Bucher\",\"datePublished\":\"2026-03-25T21:44:05+00:00\",\"dateModified\":\"2026-03-25T21:45:16+00:00\",\"mainEntityOfPage\":{\"@id\":\"https:\\\/\\\/www.ascentria.org\\\/fr\\\/ascentria-care-alliance-nomme-lespace-communautaire-au-lighthouse-en-lhonneur-de-gail-et-edward-bucher\\\/\"},\"wordCount\":697,\"commentCount\":0,\"publisher\":{\"@id\":\"https:\\\/\\\/www.ascentria.org\\\/fr\\\/#organization\"},\"image\":{\"@id\":\"https:\\\/\\\/www.ascentria.org\\\/fr\\\/ascentria-care-alliance-nomme-lespace-communautaire-au-lighthouse-en-lhonneur-de-gail-et-edward-bucher\\\/#primaryimage\"},\"thumbnailUrl\":\"https:\\\/\\\/www.ascentria.org\\\/wp-content\\\/uploads\\\/2026\\\/03\\\/2025-10-Ascentria-Lighthouse-Headquarters-Room-Shots-55-scaled.jpg\",\"articleSection\":[\"Actualit\u00e9s\"],\"inLanguage\":\"fr-FR\",\"potentialAction\":[{\"@type\":\"CommentAction\",\"name\":\"Comment\",\"target\":[\"https:\\\/\\\/www.ascentria.org\\\/fr\\\/ascentria-care-alliance-nomme-lespace-communautaire-au-lighthouse-en-lhonneur-de-gail-et-edward-bucher\\\/#respond\"]}]},{\"@type\":\"WebPage\",\"@id\":\"https:\\\/\\\/www.ascentria.org\\\/fr\\\/ascentria-care-alliance-nomme-lespace-communautaire-au-lighthouse-en-lhonneur-de-gail-et-edward-bucher\\\/\",\"url\":\"https:\\\/\\\/www.ascentria.org\\\/fr\\\/ascentria-care-alliance-nomme-lespace-communautaire-au-lighthouse-en-lhonneur-de-gail-et-edward-bucher\\\/\",\"name\":\"Ascentria Care Alliance nomme l'espace communautaire au Lighthouse en l'honneur de Gail et Edward Bucher - Ascentria Care Alliance\",\"isPartOf\":{\"@id\":\"https:\\\/\\\/www.ascentria.org\\\/fr\\\/#website\"},\"primaryImageOfPage\":{\"@id\":\"https:\\\/\\\/www.ascentria.org\\\/fr\\\/ascentria-care-alliance-nomme-lespace-communautaire-au-lighthouse-en-lhonneur-de-gail-et-edward-bucher\\\/#primaryimage\"},\"image\":{\"@id\":\"https:\\\/\\\/www.ascentria.org\\\/fr\\\/ascentria-care-alliance-nomme-lespace-communautaire-au-lighthouse-en-lhonneur-de-gail-et-edward-bucher\\\/#primaryimage\"},\"thumbnailUrl\":\"https:\\\/\\\/www.ascentria.org\\\/wp-content\\\/uploads\\\/2026\\\/03\\\/2025-10-Ascentria-Lighthouse-Headquarters-Room-Shots-55-scaled.jpg\",\"datePublished\":\"2026-03-25T21:44:05+00:00\",\"dateModified\":\"2026-03-25T21:45:16+00:00\",\"breadcrumb\":{\"@id\":\"https:\\\/\\\/www.ascentria.org\\\/fr\\\/ascentria-care-alliance-nomme-lespace-communautaire-au-lighthouse-en-lhonneur-de-gail-et-edward-bucher\\\/#breadcrumb\"},\"inLanguage\":\"fr-FR\",\"potentialAction\":[{\"@type\":\"ReadAction\",\"target\":[\"https:\\\/\\\/www.ascentria.org\\\/fr\\\/ascentria-care-alliance-nomme-lespace-communautaire-au-lighthouse-en-lhonneur-de-gail-et-edward-bucher\\\/\"]}]},{\"@type\":\"ImageObject\",\"inLanguage\":\"fr-FR\",\"@id\":\"https:\\\/\\\/www.ascentria.org\\\/fr\\\/ascentria-care-alliance-nomme-lespace-communautaire-au-lighthouse-en-lhonneur-de-gail-et-edward-bucher\\\/#primaryimage\",\"url\":\"https:\\\/\\\/www.ascentria.org\\\/wp-content\\\/uploads\\\/2026\\\/03\\\/2025-10-Ascentria-Lighthouse-Headquarters-Room-Shots-55-scaled.jpg\",\"contentUrl\":\"https:\\\/\\\/www.ascentria.org\\\/wp-content\\\/uploads\\\/2026\\\/03\\\/2025-10-Ascentria-Lighthouse-Headquarters-Room-Shots-55-scaled.jpg\",\"width\":2560,\"height\":1600},{\"@type\":\"BreadcrumbList\",\"@id\":\"https:\\\/\\\/www.ascentria.org\\\/fr\\\/ascentria-care-alliance-nomme-lespace-communautaire-au-lighthouse-en-lhonneur-de-gail-et-edward-bucher\\\/#breadcrumb\",\"itemListElement\":[{\"@type\":\"ListItem\",\"position\":1,\"name\":\"Home\",\"item\":\"https:\\\/\\\/www.ascentria.org\\\/fr\\\/\"},{\"@type\":\"ListItem\",\"position\":2,\"name\":\"Ascentria Care Alliance nomme l&#8217;espace communautaire au Lighthouse en l&#8217;honneur de Gail et Edward Bucher\"}]},{\"@type\":\"WebSite\",\"@id\":\"https:\\\/\\\/www.ascentria.org\\\/fr\\\/#website\",\"url\":\"https:\\\/\\\/www.ascentria.org\\\/fr\\\/\",\"name\":\"Ascentria Care Alliance\",\"description\":\"\",\"publisher\":{\"@id\":\"https:\\\/\\\/www.ascentria.org\\\/fr\\\/#organization\"},\"potentialAction\":[{\"@type\":\"SearchAction\",\"target\":{\"@type\":\"EntryPoint\",\"urlTemplate\":\"https:\\\/\\\/www.ascentria.org\\\/fr\\\/?s={search_term_string}\"},\"query-input\":{\"@type\":\"PropertyValueSpecification\",\"valueRequired\":true,\"valueName\":\"search_term_string\"}}],\"inLanguage\":\"fr-FR\"},{\"@type\":\"Organization\",\"@id\":\"https:\\\/\\\/www.ascentria.org\\\/fr\\\/#organization\",\"name\":\"Ascentria Care Alliance\",\"url\":\"https:\\\/\\\/www.ascentria.org\\\/fr\\\/\",\"logo\":{\"@type\":\"ImageObject\",\"inLanguage\":\"fr-FR\",\"@id\":\"https:\\\/\\\/www.ascentria.org\\\/fr\\\/#\\\/schema\\\/logo\\\/image\\\/\",\"url\":\"https:\\\/\\\/www.ascentria.org\\\/wp-content\\\/uploads\\\/2023\\\/11\\\/asc-logo-horiz-light.png\",\"contentUrl\":\"https:\\\/\\\/www.ascentria.org\\\/wp-content\\\/uploads\\\/2023\\\/11\\\/asc-logo-horiz-light.png\",\"width\":1534,\"height\":424,\"caption\":\"Ascentria Care Alliance\"},\"image\":{\"@id\":\"https:\\\/\\\/www.ascentria.org\\\/fr\\\/#\\\/schema\\\/logo\\\/image\\\/\"}},{\"@type\":\"Person\",\"@id\":\"https:\\\/\\\/www.ascentria.org\\\/fr\\\/#\\\/schema\\\/person\\\/1b081cb58a629d260219f4b30a6021fc\",\"name\":\"Samantha Gauvain\",\"image\":{\"@type\":\"ImageObject\",\"inLanguage\":\"fr-FR\",\"@id\":\"https:\\\/\\\/secure.gravatar.com\\\/avatar\\\/9dcc27317000908bb722d84e297b5740ba2e12ec50a678d307b7c7f252dde1c8?s=96&d=mm&r=g\",\"url\":\"https:\\\/\\\/secure.gravatar.com\\\/avatar\\\/9dcc27317000908bb722d84e297b5740ba2e12ec50a678d307b7c7f252dde1c8?s=96&d=mm&r=g\",\"contentUrl\":\"https:\\\/\\\/secure.gravatar.com\\\/avatar\\\/9dcc27317000908bb722d84e297b5740ba2e12ec50a678d307b7c7f252dde1c8?s=96&d=mm&r=g\",\"caption\":\"Samantha Gauvain\"},\"url\":\"https:\\\/\\\/www.ascentria.org\\\/fr\\\/author\\\/sgauvain\\\/\"}]}<\/script>\n<!-- \/ Yoast SEO Premium plugin. -->","yoast_head_json":{"title":"Ascentria Care Alliance nomme l'espace communautaire au Lighthouse en l'honneur de Gail et Edward Bucher - Ascentria Care Alliance","robots":{"index":"noindex","follow":"follow"},"og_locale":"fr_FR","og_type":"article","og_title":"Ascentria Care Alliance nomme l'espace communautaire au Lighthouse en l'honneur de Gail et Edward Bucher","og_description":"Ascentria Care Alliance est fi\u00e8re de reconna\u00eetre l&rsquo;extraordinaire g\u00e9n\u00e9rosit\u00e9 et l&rsquo;engagement de longue date de Gail et Edward Bucher, dont le soutien a contribu\u00e9 \u00e0 faire avancer la mission de l&rsquo;organisation pendant pr\u00e8s de trois d\u00e9cennies. En reconnaissance de leur leadership et de leur philanthropie, l&rsquo;aire de rassemblement centrale du si\u00e8ge social d&rsquo;Ascentria \u00e0 Worcester, [&hellip;]","og_url":"https:\/\/www.ascentria.org\/fr\/ascentria-care-alliance-nomme-lespace-communautaire-au-lighthouse-en-lhonneur-de-gail-et-edward-bucher\/","og_site_name":"Ascentria Care Alliance","article_published_time":"2026-03-25T21:44:05+00:00","article_modified_time":"2026-03-25T21:45:16+00:00","og_image":[{"width":2560,"height":1600,"url":"https:\/\/www.ascentria.org\/wp-content\/uploads\/2026\/03\/2025-10-Ascentria-Lighthouse-Headquarters-Room-Shots-55-scaled.jpg","type":"image\/jpeg"}],"author":"Samantha Gauvain","twitter_card":"summary_large_image","twitter_misc":{"\u00c9crit par":"Samantha Gauvain","Dur\u00e9e de lecture estim\u00e9e":"3 minutes"},"schema":{"@context":"https:\/\/schema.org","@graph":[{"@type":"Article","@id":"https:\/\/www.ascentria.org\/fr\/ascentria-care-alliance-nomme-lespace-communautaire-au-lighthouse-en-lhonneur-de-gail-et-edward-bucher\/#article","isPartOf":{"@id":"https:\/\/www.ascentria.org\/fr\/ascentria-care-alliance-nomme-lespace-communautaire-au-lighthouse-en-lhonneur-de-gail-et-edward-bucher\/"},"author":{"name":"Samantha Gauvain","@id":"https:\/\/www.ascentria.org\/fr\/#\/schema\/person\/1b081cb58a629d260219f4b30a6021fc"},"headline":"Ascentria Care Alliance nomme l&rsquo;espace communautaire au Lighthouse en l&rsquo;honneur de Gail et Edward Bucher","datePublished":"2026-03-25T21:44:05+00:00","dateModified":"2026-03-25T21:45:16+00:00","mainEntityOfPage":{"@id":"https:\/\/www.ascentria.org\/fr\/ascentria-care-alliance-nomme-lespace-communautaire-au-lighthouse-en-lhonneur-de-gail-et-edward-bucher\/"},"wordCount":697,"commentCount":0,"publisher":{"@id":"https:\/\/www.ascentria.org\/fr\/#organization"},"image":{"@id":"https:\/\/www.ascentria.org\/fr\/ascentria-care-alliance-nomme-lespace-communautaire-au-lighthouse-en-lhonneur-de-gail-et-edward-bucher\/#primaryimage"},"thumbnailUrl":"https:\/\/www.ascentria.org\/wp-content\/uploads\/2026\/03\/2025-10-Ascentria-Lighthouse-Headquarters-Room-Shots-55-scaled.jpg","articleSection":["Actualit\u00e9s"],"inLanguage":"fr-FR","potentialAction":[{"@type":"CommentAction","name":"Comment","target":["https:\/\/www.ascentria.org\/fr\/ascentria-care-alliance-nomme-lespace-communautaire-au-lighthouse-en-lhonneur-de-gail-et-edward-bucher\/#respond"]}]},{"@type":"WebPage","@id":"https:\/\/www.ascentria.org\/fr\/ascentria-care-alliance-nomme-lespace-communautaire-au-lighthouse-en-lhonneur-de-gail-et-edward-bucher\/","url":"https:\/\/www.ascentria.org\/fr\/ascentria-care-alliance-nomme-lespace-communautaire-au-lighthouse-en-lhonneur-de-gail-et-edward-bucher\/","name":"Ascentria Care Alliance nomme l'espace communautaire au Lighthouse en l'honneur de Gail et Edward Bucher - Ascentria Care Alliance","isPartOf":{"@id":"https:\/\/www.ascentria.org\/fr\/#website"},"primaryImageOfPage":{"@id":"https:\/\/www.ascentria.org\/fr\/ascentria-care-alliance-nomme-lespace-communautaire-au-lighthouse-en-lhonneur-de-gail-et-edward-bucher\/#primaryimage"},"image":{"@id":"https:\/\/www.ascentria.org\/fr\/ascentria-care-alliance-nomme-lespace-communautaire-au-lighthouse-en-lhonneur-de-gail-et-edward-bucher\/#primaryimage"},"thumbnailUrl":"https:\/\/www.ascentria.org\/wp-content\/uploads\/2026\/03\/2025-10-Ascentria-Lighthouse-Headquarters-Room-Shots-55-scaled.jpg","datePublished":"2026-03-25T21:44:05+00:00","dateModified":"2026-03-25T21:45:16+00:00","breadcrumb":{"@id":"https:\/\/www.ascentria.org\/fr\/ascentria-care-alliance-nomme-lespace-communautaire-au-lighthouse-en-lhonneur-de-gail-et-edward-bucher\/#breadcrumb"},"inLanguage":"fr-FR","potentialAction":[{"@type":"ReadAction","target":["https:\/\/www.ascentria.org\/fr\/ascentria-care-alliance-nomme-lespace-communautaire-au-lighthouse-en-lhonneur-de-gail-et-edward-bucher\/"]}]},{"@type":"ImageObject","inLanguage":"fr-FR","@id":"https:\/\/www.ascentria.org\/fr\/ascentria-care-alliance-nomme-lespace-communautaire-au-lighthouse-en-lhonneur-de-gail-et-edward-bucher\/#primaryimage","url":"https:\/\/www.ascentria.org\/wp-content\/uploads\/2026\/03\/2025-10-Ascentria-Lighthouse-Headquarters-Room-Shots-55-scaled.jpg","contentUrl":"https:\/\/www.ascentria.org\/wp-content\/uploads\/2026\/03\/2025-10-Ascentria-Lighthouse-Headquarters-Room-Shots-55-scaled.jpg","width":2560,"height":1600},{"@type":"BreadcrumbList","@id":"https:\/\/www.ascentria.org\/fr\/ascentria-care-alliance-nomme-lespace-communautaire-au-lighthouse-en-lhonneur-de-gail-et-edward-bucher\/#breadcrumb","itemListElement":[{"@type":"ListItem","position":1,"name":"Home","item":"https:\/\/www.ascentria.org\/fr\/"},{"@type":"ListItem","position":2,"name":"Ascentria Care Alliance nomme l&#8217;espace communautaire au Lighthouse en l&#8217;honneur de Gail et Edward Bucher"}]},{"@type":"WebSite","@id":"https:\/\/www.ascentria.org\/fr\/#website","url":"https:\/\/www.ascentria.org\/fr\/","name":"Ascentria Care Alliance","description":"","publisher":{"@id":"https:\/\/www.ascentria.org\/fr\/#organization"},"potentialAction":[{"@type":"SearchAction","target":{"@type":"EntryPoint","urlTemplate":"https:\/\/www.ascentria.org\/fr\/?s={search_term_string}"},"query-input":{"@type":"PropertyValueSpecification","valueRequired":true,"valueName":"search_term_string"}}],"inLanguage":"fr-FR"},{"@type":"Organization","@id":"https:\/\/www.ascentria.org\/fr\/#organization","name":"Ascentria Care Alliance","url":"https:\/\/www.ascentria.org\/fr\/","logo":{"@type":"ImageObject","inLanguage":"fr-FR","@id":"https:\/\/www.ascentria.org\/fr\/#\/schema\/logo\/image\/","url":"https:\/\/www.ascentria.org\/wp-content\/uploads\/2023\/11\/asc-logo-horiz-light.png","contentUrl":"https:\/\/www.ascentria.org\/wp-content\/uploads\/2023\/11\/asc-logo-horiz-light.png","width":1534,"height":424,"caption":"Ascentria Care Alliance"},"image":{"@id":"https:\/\/www.ascentria.org\/fr\/#\/schema\/logo\/image\/"}},{"@type":"Person","@id":"https:\/\/www.ascentria.org\/fr\/#\/schema\/person\/1b081cb58a629d260219f4b30a6021fc","name":"Samantha Gauvain","image":{"@type":"ImageObject","inLanguage":"fr-FR","@id":"https:\/\/secure.gravatar.com\/avatar\/9dcc27317000908bb722d84e297b5740ba2e12ec50a678d307b7c7f252dde1c8?s=96&d=mm&r=g","url":"https:\/\/secure.gravatar.com\/avatar\/9dcc27317000908bb722d84e297b5740ba2e12ec50a678d307b7c7f252dde1c8?s=96&d=mm&r=g","contentUrl":"https:\/\/secure.gravatar.com\/avatar\/9dcc27317000908bb722d84e297b5740ba2e12ec50a678d307b7c7f252dde1c8?s=96&d=mm&r=g","caption":"Samantha Gauvain"},"url":"https:\/\/www.ascentria.org\/fr\/author\/sgauvain\/"}]}},"_links":{"self":[{"href":"https:\/\/www.ascentria.org\/fr\/wp-json\/wp\/v2\/posts\/11765","targetHints":{"allow":["GET"]}}],"collection":[{"href":"https:\/\/www.ascentria.org\/fr\/wp-json\/wp\/v2\/posts"}],"about":[{"href":"https:\/\/www.ascentria.org\/fr\/wp-json\/wp\/v2\/types\/post"}],"author":[{"embeddable":true,"href":"https:\/\/www.ascentria.org\/fr\/wp-json\/wp\/v2\/users\/9"}],"replies":[{"embeddable":true,"href":"https:\/\/www.ascentria.org\/fr\/wp-json\/wp\/v2\/comments?post=11765"}],"version-history":[{"count":0,"href":"https:\/\/www.ascentria.org\/fr\/wp-json\/wp\/v2\/posts\/11765\/revisions"}],"wp:featuredmedia":[{"embeddable":true,"href":"https:\/\/www.ascentria.org\/fr\/wp-json\/wp\/v2\/media\/11747"}],"wp:attachment":[{"href":"https:\/\/www.ascentria.org\/fr\/wp-json\/wp\/v2\/media?parent=11765"}],"wp:term":[{"taxonomy":"category","embeddable":true,"href":"https:\/\/www.ascentria.org\/fr\/wp-json\/wp\/v2\/categories?post=11765"},{"taxonomy":"post_tag","embeddable":true,"href":"https:\/\/www.ascentria.org\/fr\/wp-json\/wp\/v2\/tags?post=11765"}],"curies":[{"name":"wp","href":"https:\/\/api.w.org\/{rel}","templated":true}]}}