{"id":8243,"date":"2024-07-09T13:42:26","date_gmt":"2024-07-09T17:42:26","guid":{"rendered":"https:\/\/www.ascentria.org\/les-parcours-peoplefirst-conversation-avec-angela\/"},"modified":"2024-07-09T14:24:18","modified_gmt":"2024-07-09T18:24:18","slug":"les-parcours-peoplefirst-conversation-avec-angela","status":"publish","type":"post","link":"https:\/\/www.ascentria.org\/fr\/les-parcours-peoplefirst-conversation-avec-angela\/","title":{"rendered":"Les parcours PeopleFirst : Conversation avec Angela"},"content":{"rendered":"\n<p>Maintenant qu&rsquo;Ascentria est bien engag\u00e9e dans le projet pilote PeopleFirst Pathways, nous aimerions vous donner une mise \u00e0 jour de ce nouveau programme passionnant qui offre \u00e0 nos employ\u00e9s des voies vers l&rsquo;avant &#8211; vers l&rsquo;\u00e9panouissement professionnel et personnel.  <\/p>\n\n<p>Angela, pr\u00e9sidente-directrice g\u00e9n\u00e9rale d&rsquo;Ascentria, et Gary O&rsquo;Neil, directeur de l&rsquo;innovation sociale, se sont entretenus sur la mani\u00e8re dont l&rsquo;id\u00e9e et l&rsquo;engagement envers PeopleFirst Pathways ont vu le jour. Vous entendrez \u00e9galement les commentaires du personnel du programme pilote qui travaille avec son Pathfinder dans un cadre confidentiel et positif.  <\/p>\n\n<p>Pour en <a href=\"https:\/\/www.ascentria.org\/fr\/service\/les-parcours-peoplefirst\/\">savoir plus sur PeopleFirst Pathways, cliquez ici<\/a>!<\/p>\n\n<figure class=\"wp-block-embed is-type-video is-provider-youtube wp-block-embed-youtube wp-embed-aspect-16-9 wp-has-aspect-ratio\"><div class=\"wp-block-embed__wrapper\">\n<iframe title=\"PFP AWB Part One (rv2e)\" width=\"800\" height=\"450\" src=\"https:\/\/www.youtube.com\/embed\/Xl0hj1quyk8?feature=oembed\" frameborder=\"0\" allow=\"accelerometer; autoplay; clipboard-write; encrypted-media; gyroscope; picture-in-picture; web-share\" referrerpolicy=\"strict-origin-when-cross-origin\" allowfullscreen><\/iframe>\n<\/div><\/figure>\n","protected":false},"excerpt":{"rendered":"<p>Maintenant qu&rsquo;Ascentria est bien engag\u00e9e dans le projet pilote PeopleFirst Pathways, nous aimerions vous donner une mise \u00e0 jour de ce nouveau programme passionnant qui offre \u00e0 nos employ\u00e9s des voies vers l&rsquo;avant &#8211; vers l&rsquo;\u00e9panouissement professionnel et personnel. Angela, pr\u00e9sidente-directrice g\u00e9n\u00e9rale d&rsquo;Ascentria, et Gary O&rsquo;Neil, directeur de l&rsquo;innovation sociale, se sont entretenus sur la [&hellip;]<\/p>\n","protected":false},"author":9,"featured_media":7691,"comment_status":"open","ping_status":"open","sticky":false,"template":"","format":"standard","meta":{"_acf_changed":false,"content-type":"","om_disable_all_campaigns":false,"footnotes":""},"categories":[301],"tags":[491],"class_list":["post-8243","post","type-post","status-publish","format-standard","has-post-thumbnail","hentry","category-histoires","tag-les-gens-dabord"],"acf":[],"yoast_head":"<!-- This site is optimized with the Yoast SEO Premium plugin v27.4 (Yoast SEO v27.4) - https:\/\/yoast.com\/product\/yoast-seo-premium-wordpress\/ -->\n<title>Les parcours PeopleFirst : Conversation avec Angela - Ascentria Care Alliance<\/title>\n<meta name=\"robots\" content=\"noindex, follow\" \/>\n<meta property=\"og:locale\" content=\"fr_FR\" \/>\n<meta property=\"og:type\" content=\"article\" \/>\n<meta property=\"og:title\" content=\"Les parcours PeopleFirst : Conversation avec Angela\" \/>\n<meta property=\"og:description\" content=\"Maintenant qu&rsquo;Ascentria est bien engag\u00e9e dans le projet pilote PeopleFirst Pathways, nous aimerions vous donner une mise \u00e0 jour de ce nouveau programme passionnant qui offre \u00e0 nos employ\u00e9s des voies vers l&rsquo;avant &#8211; vers l&rsquo;\u00e9panouissement professionnel et personnel. Angela, pr\u00e9sidente-directrice g\u00e9n\u00e9rale d&rsquo;Ascentria, et Gary O&rsquo;Neil, directeur de l&rsquo;innovation sociale, se sont entretenus sur la [&hellip;]\" \/>\n<meta property=\"og:url\" content=\"https:\/\/www.ascentria.org\/fr\/les-parcours-peoplefirst-conversation-avec-angela\/\" \/>\n<meta property=\"og:site_name\" content=\"Ascentria Care Alliance\" \/>\n<meta property=\"article:published_time\" content=\"2024-07-09T17:42:26+00:00\" \/>\n<meta property=\"article:modified_time\" content=\"2024-07-09T18:24:18+00:00\" \/>\n<meta property=\"og:image\" content=\"https:\/\/www.ascentria.org\/wp-content\/uploads\/2024\/03\/PeopleFirst-Pathways-1-1024x576.png\" \/>\n\t<meta property=\"og:image:width\" content=\"1024\" \/>\n\t<meta property=\"og:image:height\" content=\"576\" \/>\n\t<meta property=\"og:image:type\" content=\"image\/png\" \/>\n<meta name=\"author\" content=\"Samantha Gauvain\" \/>\n<meta name=\"twitter:card\" content=\"summary_large_image\" \/>\n<meta name=\"twitter:label1\" content=\"\u00c9crit par\" \/>\n\t<meta name=\"twitter:data1\" content=\"Samantha Gauvain\" \/>\n\t<meta name=\"twitter:label2\" content=\"Dur\u00e9e de lecture estim\u00e9e\" \/>\n\t<meta name=\"twitter:data2\" content=\"1 minute\" \/>\n<script type=\"application\/ld+json\" class=\"yoast-schema-graph\">{\"@context\":\"https:\\\/\\\/schema.org\",\"@graph\":[{\"@type\":\"Article\",\"@id\":\"https:\\\/\\\/www.ascentria.org\\\/fr\\\/les-parcours-peoplefirst-conversation-avec-angela\\\/#article\",\"isPartOf\":{\"@id\":\"https:\\\/\\\/www.ascentria.org\\\/fr\\\/les-parcours-peoplefirst-conversation-avec-angela\\\/\"},\"author\":{\"name\":\"Samantha Gauvain\",\"@id\":\"https:\\\/\\\/www.ascentria.org\\\/fr\\\/#\\\/schema\\\/person\\\/1b081cb58a629d260219f4b30a6021fc\"},\"headline\":\"Les parcours PeopleFirst : Conversation avec Angela\",\"datePublished\":\"2024-07-09T17:42:26+00:00\",\"dateModified\":\"2024-07-09T18:24:18+00:00\",\"mainEntityOfPage\":{\"@id\":\"https:\\\/\\\/www.ascentria.org\\\/fr\\\/les-parcours-peoplefirst-conversation-avec-angela\\\/\"},\"wordCount\":125,\"commentCount\":0,\"publisher\":{\"@id\":\"https:\\\/\\\/www.ascentria.org\\\/fr\\\/#organization\"},\"image\":{\"@id\":\"https:\\\/\\\/www.ascentria.org\\\/fr\\\/les-parcours-peoplefirst-conversation-avec-angela\\\/#primaryimage\"},\"thumbnailUrl\":\"https:\\\/\\\/www.ascentria.org\\\/wp-content\\\/uploads\\\/2024\\\/03\\\/PeopleFirst-Pathways-1.png\",\"keywords\":[\"Les gens d'abord\"],\"articleSection\":[\"Histoires\"],\"inLanguage\":\"fr-FR\",\"potentialAction\":[{\"@type\":\"CommentAction\",\"name\":\"Comment\",\"target\":[\"https:\\\/\\\/www.ascentria.org\\\/fr\\\/les-parcours-peoplefirst-conversation-avec-angela\\\/#respond\"]}]},{\"@type\":\"WebPage\",\"@id\":\"https:\\\/\\\/www.ascentria.org\\\/fr\\\/les-parcours-peoplefirst-conversation-avec-angela\\\/\",\"url\":\"https:\\\/\\\/www.ascentria.org\\\/fr\\\/les-parcours-peoplefirst-conversation-avec-angela\\\/\",\"name\":\"Les parcours PeopleFirst : Conversation avec Angela - Ascentria Care Alliance\",\"isPartOf\":{\"@id\":\"https:\\\/\\\/www.ascentria.org\\\/fr\\\/#website\"},\"primaryImageOfPage\":{\"@id\":\"https:\\\/\\\/www.ascentria.org\\\/fr\\\/les-parcours-peoplefirst-conversation-avec-angela\\\/#primaryimage\"},\"image\":{\"@id\":\"https:\\\/\\\/www.ascentria.org\\\/fr\\\/les-parcours-peoplefirst-conversation-avec-angela\\\/#primaryimage\"},\"thumbnailUrl\":\"https:\\\/\\\/www.ascentria.org\\\/wp-content\\\/uploads\\\/2024\\\/03\\\/PeopleFirst-Pathways-1.png\",\"datePublished\":\"2024-07-09T17:42:26+00:00\",\"dateModified\":\"2024-07-09T18:24:18+00:00\",\"breadcrumb\":{\"@id\":\"https:\\\/\\\/www.ascentria.org\\\/fr\\\/les-parcours-peoplefirst-conversation-avec-angela\\\/#breadcrumb\"},\"inLanguage\":\"fr-FR\",\"potentialAction\":[{\"@type\":\"ReadAction\",\"target\":[\"https:\\\/\\\/www.ascentria.org\\\/fr\\\/les-parcours-peoplefirst-conversation-avec-angela\\\/\"]}]},{\"@type\":\"ImageObject\",\"inLanguage\":\"fr-FR\",\"@id\":\"https:\\\/\\\/www.ascentria.org\\\/fr\\\/les-parcours-peoplefirst-conversation-avec-angela\\\/#primaryimage\",\"url\":\"https:\\\/\\\/www.ascentria.org\\\/wp-content\\\/uploads\\\/2024\\\/03\\\/PeopleFirst-Pathways-1.png\",\"contentUrl\":\"https:\\\/\\\/www.ascentria.org\\\/wp-content\\\/uploads\\\/2024\\\/03\\\/PeopleFirst-Pathways-1.png\",\"width\":1920,\"height\":1080},{\"@type\":\"BreadcrumbList\",\"@id\":\"https:\\\/\\\/www.ascentria.org\\\/fr\\\/les-parcours-peoplefirst-conversation-avec-angela\\\/#breadcrumb\",\"itemListElement\":[{\"@type\":\"ListItem\",\"position\":1,\"name\":\"Home\",\"item\":\"https:\\\/\\\/www.ascentria.org\\\/fr\\\/\"},{\"@type\":\"ListItem\",\"position\":2,\"name\":\"Les parcours PeopleFirst : Conversation avec Angela\"}]},{\"@type\":\"WebSite\",\"@id\":\"https:\\\/\\\/www.ascentria.org\\\/fr\\\/#website\",\"url\":\"https:\\\/\\\/www.ascentria.org\\\/fr\\\/\",\"name\":\"Ascentria Care Alliance\",\"description\":\"\",\"publisher\":{\"@id\":\"https:\\\/\\\/www.ascentria.org\\\/fr\\\/#organization\"},\"potentialAction\":[{\"@type\":\"SearchAction\",\"target\":{\"@type\":\"EntryPoint\",\"urlTemplate\":\"https:\\\/\\\/www.ascentria.org\\\/fr\\\/?s={search_term_string}\"},\"query-input\":{\"@type\":\"PropertyValueSpecification\",\"valueRequired\":true,\"valueName\":\"search_term_string\"}}],\"inLanguage\":\"fr-FR\"},{\"@type\":\"Organization\",\"@id\":\"https:\\\/\\\/www.ascentria.org\\\/fr\\\/#organization\",\"name\":\"Ascentria Care Alliance\",\"url\":\"https:\\\/\\\/www.ascentria.org\\\/fr\\\/\",\"logo\":{\"@type\":\"ImageObject\",\"inLanguage\":\"fr-FR\",\"@id\":\"https:\\\/\\\/www.ascentria.org\\\/fr\\\/#\\\/schema\\\/logo\\\/image\\\/\",\"url\":\"https:\\\/\\\/www.ascentria.org\\\/wp-content\\\/uploads\\\/2023\\\/11\\\/asc-logo-horiz-light.png\",\"contentUrl\":\"https:\\\/\\\/www.ascentria.org\\\/wp-content\\\/uploads\\\/2023\\\/11\\\/asc-logo-horiz-light.png\",\"width\":1534,\"height\":424,\"caption\":\"Ascentria Care Alliance\"},\"image\":{\"@id\":\"https:\\\/\\\/www.ascentria.org\\\/fr\\\/#\\\/schema\\\/logo\\\/image\\\/\"}},{\"@type\":\"Person\",\"@id\":\"https:\\\/\\\/www.ascentria.org\\\/fr\\\/#\\\/schema\\\/person\\\/1b081cb58a629d260219f4b30a6021fc\",\"name\":\"Samantha Gauvain\",\"image\":{\"@type\":\"ImageObject\",\"inLanguage\":\"fr-FR\",\"@id\":\"https:\\\/\\\/secure.gravatar.com\\\/avatar\\\/9dcc27317000908bb722d84e297b5740ba2e12ec50a678d307b7c7f252dde1c8?s=96&d=mm&r=g\",\"url\":\"https:\\\/\\\/secure.gravatar.com\\\/avatar\\\/9dcc27317000908bb722d84e297b5740ba2e12ec50a678d307b7c7f252dde1c8?s=96&d=mm&r=g\",\"contentUrl\":\"https:\\\/\\\/secure.gravatar.com\\\/avatar\\\/9dcc27317000908bb722d84e297b5740ba2e12ec50a678d307b7c7f252dde1c8?s=96&d=mm&r=g\",\"caption\":\"Samantha Gauvain\"},\"url\":\"https:\\\/\\\/www.ascentria.org\\\/fr\\\/author\\\/sgauvain\\\/\"}]}<\/script>\n<!-- \/ Yoast SEO Premium plugin. -->","yoast_head_json":{"title":"Les parcours PeopleFirst : Conversation avec Angela - Ascentria Care Alliance","robots":{"index":"noindex","follow":"follow"},"og_locale":"fr_FR","og_type":"article","og_title":"Les parcours PeopleFirst : Conversation avec Angela","og_description":"Maintenant qu&rsquo;Ascentria est bien engag\u00e9e dans le projet pilote PeopleFirst Pathways, nous aimerions vous donner une mise \u00e0 jour de ce nouveau programme passionnant qui offre \u00e0 nos employ\u00e9s des voies vers l&rsquo;avant &#8211; vers l&rsquo;\u00e9panouissement professionnel et personnel. Angela, pr\u00e9sidente-directrice g\u00e9n\u00e9rale d&rsquo;Ascentria, et Gary O&rsquo;Neil, directeur de l&rsquo;innovation sociale, se sont entretenus sur la [&hellip;]","og_url":"https:\/\/www.ascentria.org\/fr\/les-parcours-peoplefirst-conversation-avec-angela\/","og_site_name":"Ascentria Care Alliance","article_published_time":"2024-07-09T17:42:26+00:00","article_modified_time":"2024-07-09T18:24:18+00:00","og_image":[{"width":1024,"height":576,"url":"https:\/\/www.ascentria.org\/wp-content\/uploads\/2024\/03\/PeopleFirst-Pathways-1-1024x576.png","type":"image\/png"}],"author":"Samantha Gauvain","twitter_card":"summary_large_image","twitter_misc":{"\u00c9crit par":"Samantha Gauvain","Dur\u00e9e de lecture estim\u00e9e":"1 minute"},"schema":{"@context":"https:\/\/schema.org","@graph":[{"@type":"Article","@id":"https:\/\/www.ascentria.org\/fr\/les-parcours-peoplefirst-conversation-avec-angela\/#article","isPartOf":{"@id":"https:\/\/www.ascentria.org\/fr\/les-parcours-peoplefirst-conversation-avec-angela\/"},"author":{"name":"Samantha Gauvain","@id":"https:\/\/www.ascentria.org\/fr\/#\/schema\/person\/1b081cb58a629d260219f4b30a6021fc"},"headline":"Les parcours PeopleFirst : Conversation avec Angela","datePublished":"2024-07-09T17:42:26+00:00","dateModified":"2024-07-09T18:24:18+00:00","mainEntityOfPage":{"@id":"https:\/\/www.ascentria.org\/fr\/les-parcours-peoplefirst-conversation-avec-angela\/"},"wordCount":125,"commentCount":0,"publisher":{"@id":"https:\/\/www.ascentria.org\/fr\/#organization"},"image":{"@id":"https:\/\/www.ascentria.org\/fr\/les-parcours-peoplefirst-conversation-avec-angela\/#primaryimage"},"thumbnailUrl":"https:\/\/www.ascentria.org\/wp-content\/uploads\/2024\/03\/PeopleFirst-Pathways-1.png","keywords":["Les gens d'abord"],"articleSection":["Histoires"],"inLanguage":"fr-FR","potentialAction":[{"@type":"CommentAction","name":"Comment","target":["https:\/\/www.ascentria.org\/fr\/les-parcours-peoplefirst-conversation-avec-angela\/#respond"]}]},{"@type":"WebPage","@id":"https:\/\/www.ascentria.org\/fr\/les-parcours-peoplefirst-conversation-avec-angela\/","url":"https:\/\/www.ascentria.org\/fr\/les-parcours-peoplefirst-conversation-avec-angela\/","name":"Les parcours PeopleFirst : Conversation avec Angela - Ascentria Care Alliance","isPartOf":{"@id":"https:\/\/www.ascentria.org\/fr\/#website"},"primaryImageOfPage":{"@id":"https:\/\/www.ascentria.org\/fr\/les-parcours-peoplefirst-conversation-avec-angela\/#primaryimage"},"image":{"@id":"https:\/\/www.ascentria.org\/fr\/les-parcours-peoplefirst-conversation-avec-angela\/#primaryimage"},"thumbnailUrl":"https:\/\/www.ascentria.org\/wp-content\/uploads\/2024\/03\/PeopleFirst-Pathways-1.png","datePublished":"2024-07-09T17:42:26+00:00","dateModified":"2024-07-09T18:24:18+00:00","breadcrumb":{"@id":"https:\/\/www.ascentria.org\/fr\/les-parcours-peoplefirst-conversation-avec-angela\/#breadcrumb"},"inLanguage":"fr-FR","potentialAction":[{"@type":"ReadAction","target":["https:\/\/www.ascentria.org\/fr\/les-parcours-peoplefirst-conversation-avec-angela\/"]}]},{"@type":"ImageObject","inLanguage":"fr-FR","@id":"https:\/\/www.ascentria.org\/fr\/les-parcours-peoplefirst-conversation-avec-angela\/#primaryimage","url":"https:\/\/www.ascentria.org\/wp-content\/uploads\/2024\/03\/PeopleFirst-Pathways-1.png","contentUrl":"https:\/\/www.ascentria.org\/wp-content\/uploads\/2024\/03\/PeopleFirst-Pathways-1.png","width":1920,"height":1080},{"@type":"BreadcrumbList","@id":"https:\/\/www.ascentria.org\/fr\/les-parcours-peoplefirst-conversation-avec-angela\/#breadcrumb","itemListElement":[{"@type":"ListItem","position":1,"name":"Home","item":"https:\/\/www.ascentria.org\/fr\/"},{"@type":"ListItem","position":2,"name":"Les parcours PeopleFirst : Conversation avec Angela"}]},{"@type":"WebSite","@id":"https:\/\/www.ascentria.org\/fr\/#website","url":"https:\/\/www.ascentria.org\/fr\/","name":"Ascentria Care Alliance","description":"","publisher":{"@id":"https:\/\/www.ascentria.org\/fr\/#organization"},"potentialAction":[{"@type":"SearchAction","target":{"@type":"EntryPoint","urlTemplate":"https:\/\/www.ascentria.org\/fr\/?s={search_term_string}"},"query-input":{"@type":"PropertyValueSpecification","valueRequired":true,"valueName":"search_term_string"}}],"inLanguage":"fr-FR"},{"@type":"Organization","@id":"https:\/\/www.ascentria.org\/fr\/#organization","name":"Ascentria Care Alliance","url":"https:\/\/www.ascentria.org\/fr\/","logo":{"@type":"ImageObject","inLanguage":"fr-FR","@id":"https:\/\/www.ascentria.org\/fr\/#\/schema\/logo\/image\/","url":"https:\/\/www.ascentria.org\/wp-content\/uploads\/2023\/11\/asc-logo-horiz-light.png","contentUrl":"https:\/\/www.ascentria.org\/wp-content\/uploads\/2023\/11\/asc-logo-horiz-light.png","width":1534,"height":424,"caption":"Ascentria Care Alliance"},"image":{"@id":"https:\/\/www.ascentria.org\/fr\/#\/schema\/logo\/image\/"}},{"@type":"Person","@id":"https:\/\/www.ascentria.org\/fr\/#\/schema\/person\/1b081cb58a629d260219f4b30a6021fc","name":"Samantha Gauvain","image":{"@type":"ImageObject","inLanguage":"fr-FR","@id":"https:\/\/secure.gravatar.com\/avatar\/9dcc27317000908bb722d84e297b5740ba2e12ec50a678d307b7c7f252dde1c8?s=96&d=mm&r=g","url":"https:\/\/secure.gravatar.com\/avatar\/9dcc27317000908bb722d84e297b5740ba2e12ec50a678d307b7c7f252dde1c8?s=96&d=mm&r=g","contentUrl":"https:\/\/secure.gravatar.com\/avatar\/9dcc27317000908bb722d84e297b5740ba2e12ec50a678d307b7c7f252dde1c8?s=96&d=mm&r=g","caption":"Samantha Gauvain"},"url":"https:\/\/www.ascentria.org\/fr\/author\/sgauvain\/"}]}},"_links":{"self":[{"href":"https:\/\/www.ascentria.org\/fr\/wp-json\/wp\/v2\/posts\/8243","targetHints":{"allow":["GET"]}}],"collection":[{"href":"https:\/\/www.ascentria.org\/fr\/wp-json\/wp\/v2\/posts"}],"about":[{"href":"https:\/\/www.ascentria.org\/fr\/wp-json\/wp\/v2\/types\/post"}],"author":[{"embeddable":true,"href":"https:\/\/www.ascentria.org\/fr\/wp-json\/wp\/v2\/users\/9"}],"replies":[{"embeddable":true,"href":"https:\/\/www.ascentria.org\/fr\/wp-json\/wp\/v2\/comments?post=8243"}],"version-history":[{"count":0,"href":"https:\/\/www.ascentria.org\/fr\/wp-json\/wp\/v2\/posts\/8243\/revisions"}],"wp:featuredmedia":[{"embeddable":true,"href":"https:\/\/www.ascentria.org\/fr\/wp-json\/wp\/v2\/media\/7691"}],"wp:attachment":[{"href":"https:\/\/www.ascentria.org\/fr\/wp-json\/wp\/v2\/media?parent=8243"}],"wp:term":[{"taxonomy":"category","embeddable":true,"href":"https:\/\/www.ascentria.org\/fr\/wp-json\/wp\/v2\/categories?post=8243"},{"taxonomy":"post_tag","embeddable":true,"href":"https:\/\/www.ascentria.org\/fr\/wp-json\/wp\/v2\/tags?post=8243"}],"curies":[{"name":"wp","href":"https:\/\/api.w.org\/{rel}","templated":true}]}}