{"id":11756,"date":"2026-03-25T17:44:05","date_gmt":"2026-03-25T21:44:05","guid":{"rendered":"https:\/\/www.ascentria.org\/ascentria-care-alliance-nomeia-o-espaco-comunitario-no-the-lighthouse-em-homenagem-a-gail-e-edward-bucher\/"},"modified":"2026-03-25T17:45:16","modified_gmt":"2026-03-25T21:45:16","slug":"ascentria-care-alliance-nomeia-o-espaco-comunitario-no-the-lighthouse-em-homenagem-a-gail-e-edward-bucher","status":"publish","type":"post","link":"https:\/\/www.ascentria.org\/pt-br\/ascentria-care-alliance-nomeia-o-espaco-comunitario-no-the-lighthouse-em-homenagem-a-gail-e-edward-bucher\/","title":{"rendered":"Ascentria Care Alliance nomeia o espa\u00e7o comunit\u00e1rio no The Lighthouse em homenagem a Gail e Edward Bucher"},"content":{"rendered":"\n<p>A Ascentria Care Alliance tem o orgulho de reconhecer a extraordin\u00e1ria generosidade e o compromisso de longa data de <strong>Gail e Edward Bucher<\/strong>, cujo apoio tem ajudado a promover a miss\u00e3o da organiza\u00e7\u00e3o por quase tr\u00eas d\u00e9cadas. Em agradecimento \u00e0 sua lideran\u00e7a e filantropia, a \u00e1rea central de reuni\u00f5es na sede da Ascentria em Worcester, <strong>The Lighthouse<\/strong><strong>,<\/strong> foi nomeada <strong>Espa\u00e7o Comunit\u00e1rio Gail e Edward Bucher<\/strong><strong>.<\/strong> <\/p>\n\n<p>Os Buchers t\u00eam sido dedicados apoiadores do Ascentria por quase 30 anos. Gail atuou anteriormente no Conselho de Administra\u00e7\u00e3o da organiza\u00e7\u00e3o e agora continua seu envolvimento como <strong>Membro Em\u00e9rito do Conselho<\/strong>, permanecendo ativamente envolvida em comit\u00eas de governan\u00e7a e iniciativas organizacionais. <\/p>\n\n<p>Cientista farmac\u00eautica aposentada, Gail Bucher est\u00e1 h\u00e1 muito tempo envolvida em lideran\u00e7a e servi\u00e7os sem fins lucrativos. Al\u00e9m de seu trabalho com a Ascentria, ela apoiou organiza\u00e7\u00f5es como a Harvard Square Homeless Shelter e a MCPHS University (antiga Massachusetts College of Pharmacy and Allied Health Sciences). Ela tamb\u00e9m serviu \u00e0 sua comunidade como di\u00e1cona e capel\u00e3.  <\/p>\n\n<p>Depois de se formar no Instituto de Tecnologia de Massachusetts (MIT), Edward entrou para a equipe do Laborat\u00f3rio do MIT, onde passou toda a sua carreira como parte da equipe e da lideran\u00e7a de v\u00e1rios grupos na divis\u00e3o de comunica\u00e7\u00f5es eletr\u00f4nicas. Ele tamb\u00e9m atuou como tesoureiro da University Lutheran Church em Cambridge por mais de cinquenta anos e foi membro do Comit\u00ea de Dire\u00e7\u00e3o do Minist\u00e9rio Luterano do MIT por muitos anos. Edward tamb\u00e9m \u00e9 membro da Corpora\u00e7\u00e3o da Faculdade de Farm\u00e1cia e Ci\u00eancias da Sa\u00fade de Massachusetts.  <\/p>\n\n<p>Gail e Edward t\u00eam sido defensores especialmente fervorosos de v\u00e1rios programas da Ascentria, incluindo <strong>a Ruth House<\/strong>, que oferece abrigo e apoio a jovens m\u00e3es e seus filhos que n\u00e3o t\u00eam moradia, e <strong>a Good News Garage<\/strong>, que oferece op\u00e7\u00f5es de transporte acess\u00edveis e confi\u00e1veis para pessoas e fam\u00edlias de baixa renda que trabalham para obter estabilidade econ\u00f4mica.<\/p>\n\n<p>Os Buchers compartilharam: &#8220;Durante nossa primeira visita ao Ascentria Lighthouse, ficou \u00f3bvio para n\u00f3s que esse novo espa\u00e7o, com sua tremenda luz, exemplificava seguran\u00e7a, comunidade e esperan\u00e7a. Sempre acreditamos que o ambiente f\u00edsico \u00e9 importante &#8211; os espa\u00e7os podem limitar as pessoas ou capacit\u00e1-las a construir novas comunidades. O Lighthouse mostra o que \u00e9 poss\u00edvel quando voc\u00ea cria um lugar que reflete a dignidade e o potencial das pessoas que atende.&#8221;<\/p>\n\n<p>O Espa\u00e7o Comunit\u00e1rio Gail e Edward Bucher servir\u00e1 como uma \u00e1rea de boas-vindas onde funcion\u00e1rios, parceiros e membros da comunidade se re\u00fanem para colaborar e fortalecer as comunidades em toda a Nova Inglaterra. Angela Bovill, Presidente e CEO da Ascentria, compartilhou: &#8220;O nome desse espa\u00e7o homenageia a cren\u00e7a duradoura dos Buchers no poder do atendimento centrado na comunidade e suas d\u00e9cadas de lideran\u00e7a e generosidade apoiando a miss\u00e3o da Ascentria&#8221;. <\/p>\n\n<p>Se voc\u00ea quiser saber mais sobre como utilizar o Espa\u00e7o Comunit\u00e1rio Gail e Edward Bucher para um evento futuro, entre em contato com Menahem &#8220;Ben&#8221; Bichotte, Diretor de Envolvimento Comunit\u00e1rio, usando nosso formul\u00e1rio de contato.<\/p>\n\n<p><strong>Sobre a Ascentria Care Alliance<\/strong><\/p>\n\n<p><br\/>A Ascentria Care Alliance \u00e9 uma das maiores organiza\u00e7\u00f5es de servi\u00e7os humanos sem fins lucrativos da Nova Inglaterra. H\u00e1 mais de 150 anos, a Ascentria se dedica a fortalecer comunidades e a ajudar indiv\u00edduos e fam\u00edlias a alcan\u00e7ar maior estabilidade, sa\u00fade e oportunidade por meio de uma ampla gama de programas, incluindo servi\u00e7os para refugiados, assist\u00eancia e moradia para idosos, desenvolvimento da for\u00e7a de trabalho e servi\u00e7os de apoio baseados na comunidade. <\/p>\n","protected":false},"excerpt":{"rendered":"<p>A Ascentria Care Alliance tem o orgulho de reconhecer a extraordin\u00e1ria generosidade e o compromisso de longa data de Gail e Edward Bucher, cujo apoio tem ajudado a promover a miss\u00e3o da organiza\u00e7\u00e3o por quase tr\u00eas d\u00e9cadas. Em agradecimento \u00e0 sua lideran\u00e7a e filantropia, a \u00e1rea central de reuni\u00f5es na sede da Ascentria em Worcester, [&hellip;]<\/p>\n","protected":false},"author":9,"featured_media":11750,"comment_status":"open","ping_status":"open","sticky":false,"template":"","format":"standard","meta":{"_acf_changed":false,"content-type":"","om_disable_all_campaigns":false,"footnotes":""},"categories":[283],"tags":[],"class_list":["post-11756","post","type-post","status-publish","format-standard","has-post-thumbnail","hentry","category-noticias"],"acf":[],"yoast_head":"<!-- This site is optimized with the Yoast SEO Premium plugin v27.4 (Yoast SEO v27.4) - https:\/\/yoast.com\/product\/yoast-seo-premium-wordpress\/ -->\n<title>Ascentria Care Alliance nomeia o espa\u00e7o comunit\u00e1rio no The Lighthouse em homenagem a Gail e Edward Bucher - Ascentria Care Alliance<\/title>\n<meta name=\"robots\" content=\"noindex, follow\" \/>\n<meta property=\"og:locale\" content=\"pt_BR\" \/>\n<meta property=\"og:type\" content=\"article\" \/>\n<meta property=\"og:title\" content=\"Ascentria Care Alliance nomeia o espa\u00e7o comunit\u00e1rio no The Lighthouse em homenagem a Gail e Edward Bucher\" \/>\n<meta property=\"og:description\" content=\"A Ascentria Care Alliance tem o orgulho de reconhecer a extraordin\u00e1ria generosidade e o compromisso de longa data de Gail e Edward Bucher, cujo apoio tem ajudado a promover a miss\u00e3o da organiza\u00e7\u00e3o por quase tr\u00eas d\u00e9cadas. Em agradecimento \u00e0 sua lideran\u00e7a e filantropia, a \u00e1rea central de reuni\u00f5es na sede da Ascentria em Worcester, [&hellip;]\" \/>\n<meta property=\"og:url\" content=\"https:\/\/www.ascentria.org\/pt-br\/ascentria-care-alliance-nomeia-o-espaco-comunitario-no-the-lighthouse-em-homenagem-a-gail-e-edward-bucher\/\" \/>\n<meta property=\"og:site_name\" content=\"Ascentria Care Alliance\" \/>\n<meta property=\"article:published_time\" content=\"2026-03-25T21:44:05+00:00\" \/>\n<meta property=\"article:modified_time\" content=\"2026-03-25T21:45:16+00:00\" \/>\n<meta property=\"og:image\" content=\"https:\/\/www.ascentria.org\/wp-content\/uploads\/2026\/03\/2025-10-Ascentria-Lighthouse-Headquarters-Room-Shots-55-scaled.jpg\" \/>\n\t<meta property=\"og:image:width\" content=\"2560\" \/>\n\t<meta property=\"og:image:height\" content=\"1600\" \/>\n\t<meta property=\"og:image:type\" content=\"image\/jpeg\" \/>\n<meta name=\"author\" content=\"Samantha Gauvain\" \/>\n<meta name=\"twitter:card\" content=\"summary_large_image\" \/>\n<meta name=\"twitter:label1\" content=\"Escrito por\" \/>\n\t<meta name=\"twitter:data1\" content=\"Samantha Gauvain\" \/>\n\t<meta name=\"twitter:label2\" content=\"Est. tempo de leitura\" \/>\n\t<meta name=\"twitter:data2\" content=\"3 minutos\" \/>\n<script type=\"application\/ld+json\" class=\"yoast-schema-graph\">{\"@context\":\"https:\\\/\\\/schema.org\",\"@graph\":[{\"@type\":\"Article\",\"@id\":\"https:\\\/\\\/www.ascentria.org\\\/pt-br\\\/ascentria-care-alliance-nomeia-o-espaco-comunitario-no-the-lighthouse-em-homenagem-a-gail-e-edward-bucher\\\/#article\",\"isPartOf\":{\"@id\":\"https:\\\/\\\/www.ascentria.org\\\/pt-br\\\/ascentria-care-alliance-nomeia-o-espaco-comunitario-no-the-lighthouse-em-homenagem-a-gail-e-edward-bucher\\\/\"},\"author\":{\"name\":\"Samantha Gauvain\",\"@id\":\"https:\\\/\\\/www.ascentria.org\\\/pt-br\\\/#\\\/schema\\\/person\\\/1b081cb58a629d260219f4b30a6021fc\"},\"headline\":\"Ascentria Care Alliance nomeia o espa\u00e7o comunit\u00e1rio no The Lighthouse em homenagem a Gail e Edward Bucher\",\"datePublished\":\"2026-03-25T21:44:05+00:00\",\"dateModified\":\"2026-03-25T21:45:16+00:00\",\"mainEntityOfPage\":{\"@id\":\"https:\\\/\\\/www.ascentria.org\\\/pt-br\\\/ascentria-care-alliance-nomeia-o-espaco-comunitario-no-the-lighthouse-em-homenagem-a-gail-e-edward-bucher\\\/\"},\"wordCount\":649,\"commentCount\":0,\"publisher\":{\"@id\":\"https:\\\/\\\/www.ascentria.org\\\/pt-br\\\/#organization\"},\"image\":{\"@id\":\"https:\\\/\\\/www.ascentria.org\\\/pt-br\\\/ascentria-care-alliance-nomeia-o-espaco-comunitario-no-the-lighthouse-em-homenagem-a-gail-e-edward-bucher\\\/#primaryimage\"},\"thumbnailUrl\":\"https:\\\/\\\/www.ascentria.org\\\/wp-content\\\/uploads\\\/2026\\\/03\\\/2025-10-Ascentria-Lighthouse-Headquarters-Room-Shots-55-scaled.jpg\",\"articleSection\":[\"Not\u00edcias\"],\"inLanguage\":\"pt-BR\",\"potentialAction\":[{\"@type\":\"CommentAction\",\"name\":\"Comment\",\"target\":[\"https:\\\/\\\/www.ascentria.org\\\/pt-br\\\/ascentria-care-alliance-nomeia-o-espaco-comunitario-no-the-lighthouse-em-homenagem-a-gail-e-edward-bucher\\\/#respond\"]}]},{\"@type\":\"WebPage\",\"@id\":\"https:\\\/\\\/www.ascentria.org\\\/pt-br\\\/ascentria-care-alliance-nomeia-o-espaco-comunitario-no-the-lighthouse-em-homenagem-a-gail-e-edward-bucher\\\/\",\"url\":\"https:\\\/\\\/www.ascentria.org\\\/pt-br\\\/ascentria-care-alliance-nomeia-o-espaco-comunitario-no-the-lighthouse-em-homenagem-a-gail-e-edward-bucher\\\/\",\"name\":\"Ascentria Care Alliance nomeia o espa\u00e7o comunit\u00e1rio no The Lighthouse em homenagem a Gail e Edward Bucher - Ascentria Care Alliance\",\"isPartOf\":{\"@id\":\"https:\\\/\\\/www.ascentria.org\\\/pt-br\\\/#website\"},\"primaryImageOfPage\":{\"@id\":\"https:\\\/\\\/www.ascentria.org\\\/pt-br\\\/ascentria-care-alliance-nomeia-o-espaco-comunitario-no-the-lighthouse-em-homenagem-a-gail-e-edward-bucher\\\/#primaryimage\"},\"image\":{\"@id\":\"https:\\\/\\\/www.ascentria.org\\\/pt-br\\\/ascentria-care-alliance-nomeia-o-espaco-comunitario-no-the-lighthouse-em-homenagem-a-gail-e-edward-bucher\\\/#primaryimage\"},\"thumbnailUrl\":\"https:\\\/\\\/www.ascentria.org\\\/wp-content\\\/uploads\\\/2026\\\/03\\\/2025-10-Ascentria-Lighthouse-Headquarters-Room-Shots-55-scaled.jpg\",\"datePublished\":\"2026-03-25T21:44:05+00:00\",\"dateModified\":\"2026-03-25T21:45:16+00:00\",\"breadcrumb\":{\"@id\":\"https:\\\/\\\/www.ascentria.org\\\/pt-br\\\/ascentria-care-alliance-nomeia-o-espaco-comunitario-no-the-lighthouse-em-homenagem-a-gail-e-edward-bucher\\\/#breadcrumb\"},\"inLanguage\":\"pt-BR\",\"potentialAction\":[{\"@type\":\"ReadAction\",\"target\":[\"https:\\\/\\\/www.ascentria.org\\\/pt-br\\\/ascentria-care-alliance-nomeia-o-espaco-comunitario-no-the-lighthouse-em-homenagem-a-gail-e-edward-bucher\\\/\"]}]},{\"@type\":\"ImageObject\",\"inLanguage\":\"pt-BR\",\"@id\":\"https:\\\/\\\/www.ascentria.org\\\/pt-br\\\/ascentria-care-alliance-nomeia-o-espaco-comunitario-no-the-lighthouse-em-homenagem-a-gail-e-edward-bucher\\\/#primaryimage\",\"url\":\"https:\\\/\\\/www.ascentria.org\\\/wp-content\\\/uploads\\\/2026\\\/03\\\/2025-10-Ascentria-Lighthouse-Headquarters-Room-Shots-55-scaled.jpg\",\"contentUrl\":\"https:\\\/\\\/www.ascentria.org\\\/wp-content\\\/uploads\\\/2026\\\/03\\\/2025-10-Ascentria-Lighthouse-Headquarters-Room-Shots-55-scaled.jpg\",\"width\":2560,\"height\":1600},{\"@type\":\"BreadcrumbList\",\"@id\":\"https:\\\/\\\/www.ascentria.org\\\/pt-br\\\/ascentria-care-alliance-nomeia-o-espaco-comunitario-no-the-lighthouse-em-homenagem-a-gail-e-edward-bucher\\\/#breadcrumb\",\"itemListElement\":[{\"@type\":\"ListItem\",\"position\":1,\"name\":\"Home\",\"item\":\"https:\\\/\\\/www.ascentria.org\\\/pt-br\\\/\"},{\"@type\":\"ListItem\",\"position\":2,\"name\":\"Ascentria Care Alliance nomeia o espa\u00e7o comunit\u00e1rio no The Lighthouse em homenagem a Gail e Edward Bucher\"}]},{\"@type\":\"WebSite\",\"@id\":\"https:\\\/\\\/www.ascentria.org\\\/pt-br\\\/#website\",\"url\":\"https:\\\/\\\/www.ascentria.org\\\/pt-br\\\/\",\"name\":\"Ascentria Care Alliance\",\"description\":\"\",\"publisher\":{\"@id\":\"https:\\\/\\\/www.ascentria.org\\\/pt-br\\\/#organization\"},\"potentialAction\":[{\"@type\":\"SearchAction\",\"target\":{\"@type\":\"EntryPoint\",\"urlTemplate\":\"https:\\\/\\\/www.ascentria.org\\\/pt-br\\\/?s={search_term_string}\"},\"query-input\":{\"@type\":\"PropertyValueSpecification\",\"valueRequired\":true,\"valueName\":\"search_term_string\"}}],\"inLanguage\":\"pt-BR\"},{\"@type\":\"Organization\",\"@id\":\"https:\\\/\\\/www.ascentria.org\\\/pt-br\\\/#organization\",\"name\":\"Ascentria Care Alliance\",\"url\":\"https:\\\/\\\/www.ascentria.org\\\/pt-br\\\/\",\"logo\":{\"@type\":\"ImageObject\",\"inLanguage\":\"pt-BR\",\"@id\":\"https:\\\/\\\/www.ascentria.org\\\/pt-br\\\/#\\\/schema\\\/logo\\\/image\\\/\",\"url\":\"https:\\\/\\\/www.ascentria.org\\\/wp-content\\\/uploads\\\/2023\\\/11\\\/asc-logo-horiz-light.png\",\"contentUrl\":\"https:\\\/\\\/www.ascentria.org\\\/wp-content\\\/uploads\\\/2023\\\/11\\\/asc-logo-horiz-light.png\",\"width\":1534,\"height\":424,\"caption\":\"Ascentria Care Alliance\"},\"image\":{\"@id\":\"https:\\\/\\\/www.ascentria.org\\\/pt-br\\\/#\\\/schema\\\/logo\\\/image\\\/\"}},{\"@type\":\"Person\",\"@id\":\"https:\\\/\\\/www.ascentria.org\\\/pt-br\\\/#\\\/schema\\\/person\\\/1b081cb58a629d260219f4b30a6021fc\",\"name\":\"Samantha Gauvain\",\"image\":{\"@type\":\"ImageObject\",\"inLanguage\":\"pt-BR\",\"@id\":\"https:\\\/\\\/secure.gravatar.com\\\/avatar\\\/9dcc27317000908bb722d84e297b5740ba2e12ec50a678d307b7c7f252dde1c8?s=96&d=mm&r=g\",\"url\":\"https:\\\/\\\/secure.gravatar.com\\\/avatar\\\/9dcc27317000908bb722d84e297b5740ba2e12ec50a678d307b7c7f252dde1c8?s=96&d=mm&r=g\",\"contentUrl\":\"https:\\\/\\\/secure.gravatar.com\\\/avatar\\\/9dcc27317000908bb722d84e297b5740ba2e12ec50a678d307b7c7f252dde1c8?s=96&d=mm&r=g\",\"caption\":\"Samantha Gauvain\"},\"url\":\"https:\\\/\\\/www.ascentria.org\\\/pt-br\\\/author\\\/sgauvain\\\/\"}]}<\/script>\n<!-- \/ Yoast SEO Premium plugin. -->","yoast_head_json":{"title":"Ascentria Care Alliance nomeia o espa\u00e7o comunit\u00e1rio no The Lighthouse em homenagem a Gail e Edward Bucher - Ascentria Care Alliance","robots":{"index":"noindex","follow":"follow"},"og_locale":"pt_BR","og_type":"article","og_title":"Ascentria Care Alliance nomeia o espa\u00e7o comunit\u00e1rio no The Lighthouse em homenagem a Gail e Edward Bucher","og_description":"A Ascentria Care Alliance tem o orgulho de reconhecer a extraordin\u00e1ria generosidade e o compromisso de longa data de Gail e Edward Bucher, cujo apoio tem ajudado a promover a miss\u00e3o da organiza\u00e7\u00e3o por quase tr\u00eas d\u00e9cadas. Em agradecimento \u00e0 sua lideran\u00e7a e filantropia, a \u00e1rea central de reuni\u00f5es na sede da Ascentria em Worcester, [&hellip;]","og_url":"https:\/\/www.ascentria.org\/pt-br\/ascentria-care-alliance-nomeia-o-espaco-comunitario-no-the-lighthouse-em-homenagem-a-gail-e-edward-bucher\/","og_site_name":"Ascentria Care Alliance","article_published_time":"2026-03-25T21:44:05+00:00","article_modified_time":"2026-03-25T21:45:16+00:00","og_image":[{"width":2560,"height":1600,"url":"https:\/\/www.ascentria.org\/wp-content\/uploads\/2026\/03\/2025-10-Ascentria-Lighthouse-Headquarters-Room-Shots-55-scaled.jpg","type":"image\/jpeg"}],"author":"Samantha Gauvain","twitter_card":"summary_large_image","twitter_misc":{"Escrito por":"Samantha Gauvain","Est. tempo de leitura":"3 minutos"},"schema":{"@context":"https:\/\/schema.org","@graph":[{"@type":"Article","@id":"https:\/\/www.ascentria.org\/pt-br\/ascentria-care-alliance-nomeia-o-espaco-comunitario-no-the-lighthouse-em-homenagem-a-gail-e-edward-bucher\/#article","isPartOf":{"@id":"https:\/\/www.ascentria.org\/pt-br\/ascentria-care-alliance-nomeia-o-espaco-comunitario-no-the-lighthouse-em-homenagem-a-gail-e-edward-bucher\/"},"author":{"name":"Samantha Gauvain","@id":"https:\/\/www.ascentria.org\/pt-br\/#\/schema\/person\/1b081cb58a629d260219f4b30a6021fc"},"headline":"Ascentria Care Alliance nomeia o espa\u00e7o comunit\u00e1rio no The Lighthouse em homenagem a Gail e Edward Bucher","datePublished":"2026-03-25T21:44:05+00:00","dateModified":"2026-03-25T21:45:16+00:00","mainEntityOfPage":{"@id":"https:\/\/www.ascentria.org\/pt-br\/ascentria-care-alliance-nomeia-o-espaco-comunitario-no-the-lighthouse-em-homenagem-a-gail-e-edward-bucher\/"},"wordCount":649,"commentCount":0,"publisher":{"@id":"https:\/\/www.ascentria.org\/pt-br\/#organization"},"image":{"@id":"https:\/\/www.ascentria.org\/pt-br\/ascentria-care-alliance-nomeia-o-espaco-comunitario-no-the-lighthouse-em-homenagem-a-gail-e-edward-bucher\/#primaryimage"},"thumbnailUrl":"https:\/\/www.ascentria.org\/wp-content\/uploads\/2026\/03\/2025-10-Ascentria-Lighthouse-Headquarters-Room-Shots-55-scaled.jpg","articleSection":["Not\u00edcias"],"inLanguage":"pt-BR","potentialAction":[{"@type":"CommentAction","name":"Comment","target":["https:\/\/www.ascentria.org\/pt-br\/ascentria-care-alliance-nomeia-o-espaco-comunitario-no-the-lighthouse-em-homenagem-a-gail-e-edward-bucher\/#respond"]}]},{"@type":"WebPage","@id":"https:\/\/www.ascentria.org\/pt-br\/ascentria-care-alliance-nomeia-o-espaco-comunitario-no-the-lighthouse-em-homenagem-a-gail-e-edward-bucher\/","url":"https:\/\/www.ascentria.org\/pt-br\/ascentria-care-alliance-nomeia-o-espaco-comunitario-no-the-lighthouse-em-homenagem-a-gail-e-edward-bucher\/","name":"Ascentria Care Alliance nomeia o espa\u00e7o comunit\u00e1rio no The Lighthouse em homenagem a Gail e Edward Bucher - Ascentria Care Alliance","isPartOf":{"@id":"https:\/\/www.ascentria.org\/pt-br\/#website"},"primaryImageOfPage":{"@id":"https:\/\/www.ascentria.org\/pt-br\/ascentria-care-alliance-nomeia-o-espaco-comunitario-no-the-lighthouse-em-homenagem-a-gail-e-edward-bucher\/#primaryimage"},"image":{"@id":"https:\/\/www.ascentria.org\/pt-br\/ascentria-care-alliance-nomeia-o-espaco-comunitario-no-the-lighthouse-em-homenagem-a-gail-e-edward-bucher\/#primaryimage"},"thumbnailUrl":"https:\/\/www.ascentria.org\/wp-content\/uploads\/2026\/03\/2025-10-Ascentria-Lighthouse-Headquarters-Room-Shots-55-scaled.jpg","datePublished":"2026-03-25T21:44:05+00:00","dateModified":"2026-03-25T21:45:16+00:00","breadcrumb":{"@id":"https:\/\/www.ascentria.org\/pt-br\/ascentria-care-alliance-nomeia-o-espaco-comunitario-no-the-lighthouse-em-homenagem-a-gail-e-edward-bucher\/#breadcrumb"},"inLanguage":"pt-BR","potentialAction":[{"@type":"ReadAction","target":["https:\/\/www.ascentria.org\/pt-br\/ascentria-care-alliance-nomeia-o-espaco-comunitario-no-the-lighthouse-em-homenagem-a-gail-e-edward-bucher\/"]}]},{"@type":"ImageObject","inLanguage":"pt-BR","@id":"https:\/\/www.ascentria.org\/pt-br\/ascentria-care-alliance-nomeia-o-espaco-comunitario-no-the-lighthouse-em-homenagem-a-gail-e-edward-bucher\/#primaryimage","url":"https:\/\/www.ascentria.org\/wp-content\/uploads\/2026\/03\/2025-10-Ascentria-Lighthouse-Headquarters-Room-Shots-55-scaled.jpg","contentUrl":"https:\/\/www.ascentria.org\/wp-content\/uploads\/2026\/03\/2025-10-Ascentria-Lighthouse-Headquarters-Room-Shots-55-scaled.jpg","width":2560,"height":1600},{"@type":"BreadcrumbList","@id":"https:\/\/www.ascentria.org\/pt-br\/ascentria-care-alliance-nomeia-o-espaco-comunitario-no-the-lighthouse-em-homenagem-a-gail-e-edward-bucher\/#breadcrumb","itemListElement":[{"@type":"ListItem","position":1,"name":"Home","item":"https:\/\/www.ascentria.org\/pt-br\/"},{"@type":"ListItem","position":2,"name":"Ascentria Care Alliance nomeia o espa\u00e7o comunit\u00e1rio no The Lighthouse em homenagem a Gail e Edward Bucher"}]},{"@type":"WebSite","@id":"https:\/\/www.ascentria.org\/pt-br\/#website","url":"https:\/\/www.ascentria.org\/pt-br\/","name":"Ascentria Care Alliance","description":"","publisher":{"@id":"https:\/\/www.ascentria.org\/pt-br\/#organization"},"potentialAction":[{"@type":"SearchAction","target":{"@type":"EntryPoint","urlTemplate":"https:\/\/www.ascentria.org\/pt-br\/?s={search_term_string}"},"query-input":{"@type":"PropertyValueSpecification","valueRequired":true,"valueName":"search_term_string"}}],"inLanguage":"pt-BR"},{"@type":"Organization","@id":"https:\/\/www.ascentria.org\/pt-br\/#organization","name":"Ascentria Care Alliance","url":"https:\/\/www.ascentria.org\/pt-br\/","logo":{"@type":"ImageObject","inLanguage":"pt-BR","@id":"https:\/\/www.ascentria.org\/pt-br\/#\/schema\/logo\/image\/","url":"https:\/\/www.ascentria.org\/wp-content\/uploads\/2023\/11\/asc-logo-horiz-light.png","contentUrl":"https:\/\/www.ascentria.org\/wp-content\/uploads\/2023\/11\/asc-logo-horiz-light.png","width":1534,"height":424,"caption":"Ascentria Care Alliance"},"image":{"@id":"https:\/\/www.ascentria.org\/pt-br\/#\/schema\/logo\/image\/"}},{"@type":"Person","@id":"https:\/\/www.ascentria.org\/pt-br\/#\/schema\/person\/1b081cb58a629d260219f4b30a6021fc","name":"Samantha Gauvain","image":{"@type":"ImageObject","inLanguage":"pt-BR","@id":"https:\/\/secure.gravatar.com\/avatar\/9dcc27317000908bb722d84e297b5740ba2e12ec50a678d307b7c7f252dde1c8?s=96&d=mm&r=g","url":"https:\/\/secure.gravatar.com\/avatar\/9dcc27317000908bb722d84e297b5740ba2e12ec50a678d307b7c7f252dde1c8?s=96&d=mm&r=g","contentUrl":"https:\/\/secure.gravatar.com\/avatar\/9dcc27317000908bb722d84e297b5740ba2e12ec50a678d307b7c7f252dde1c8?s=96&d=mm&r=g","caption":"Samantha Gauvain"},"url":"https:\/\/www.ascentria.org\/pt-br\/author\/sgauvain\/"}]}},"_links":{"self":[{"href":"https:\/\/www.ascentria.org\/pt-br\/wp-json\/wp\/v2\/posts\/11756","targetHints":{"allow":["GET"]}}],"collection":[{"href":"https:\/\/www.ascentria.org\/pt-br\/wp-json\/wp\/v2\/posts"}],"about":[{"href":"https:\/\/www.ascentria.org\/pt-br\/wp-json\/wp\/v2\/types\/post"}],"author":[{"embeddable":true,"href":"https:\/\/www.ascentria.org\/pt-br\/wp-json\/wp\/v2\/users\/9"}],"replies":[{"embeddable":true,"href":"https:\/\/www.ascentria.org\/pt-br\/wp-json\/wp\/v2\/comments?post=11756"}],"version-history":[{"count":0,"href":"https:\/\/www.ascentria.org\/pt-br\/wp-json\/wp\/v2\/posts\/11756\/revisions"}],"wp:featuredmedia":[{"embeddable":true,"href":"https:\/\/www.ascentria.org\/pt-br\/wp-json\/wp\/v2\/media\/11750"}],"wp:attachment":[{"href":"https:\/\/www.ascentria.org\/pt-br\/wp-json\/wp\/v2\/media?parent=11756"}],"wp:term":[{"taxonomy":"category","embeddable":true,"href":"https:\/\/www.ascentria.org\/pt-br\/wp-json\/wp\/v2\/categories?post=11756"},{"taxonomy":"post_tag","embeddable":true,"href":"https:\/\/www.ascentria.org\/pt-br\/wp-json\/wp\/v2\/tags?post=11756"}],"curies":[{"name":"wp","href":"https:\/\/api.w.org\/{rel}","templated":true}]}}