{"id":7166,"date":"2023-10-25T15:00:00","date_gmt":"2023-10-25T19:00:00","guid":{"rendered":"https:\/\/ascentriacaprd.wpenginepowered.com\/2023\/10\/25\/comemorando-os-aumentos-do-medicaid\/"},"modified":"2024-02-12T16:17:16","modified_gmt":"2024-02-12T21:17:16","slug":"comemorando-os-aumentos-do-medicaid","status":"publish","type":"post","link":"https:\/\/www.ascentria.org\/pt-br\/comemorando-os-aumentos-do-medicaid\/","title":{"rendered":"Comemorando os aumentos do Medicaid"},"content":{"rendered":"\n<h2 class=\"wp-block-heading\">&#8216;Enorme e hist\u00f3rico&#8217;: Prestadores de servi\u00e7os de sa\u00fade de NH comemoram grandes aumentos nas taxas do Medicaid<\/h2>\n\n<div class=\"wp-block-group is-vertical is-layout-flex wp-container-core-group-is-layout-fe9cc265 wp-block-group-is-layout-flex\">\n<p>Fonte: Boletim de New Hampshire<\/p>\n\n\n\n<p>POR: <strong><a href=\"https:\/\/newhampshirebulletin.com\/author\/annmarie-timmins\/\">ANNMARIE TIMMINS<\/a> <\/strong>&#8211; 25 DE OUTUBRO DE 2023 6:00 AM<\/p>\n<\/div>\n\n<div class=\"wp-block-group is-vertical is-layout-flex wp-container-core-group-is-layout-fe9cc265 wp-block-group-is-layout-flex\">\n<p>Duas ag\u00eancias que mant\u00eam 600 pessoas fora das casas de repouso, prestando atendimento domiciliar, ficaram sabendo que o estado lhes conceder\u00e1 um aumento de 42% na taxa do Medicaid, extremamente necess\u00e1rio &#8211; mais do que haviam solicitado.  <\/p>\n\n\n\n<p>&#8220;\u00c9 um divisor de \u00e1guas&#8221;, disse Keith Kuenning, diretor de defesa da Waypoint. &#8220;Estamos trabalhando nisso h\u00e1 anos. Isso tem sido surpreendente.&#8221;<\/p>\n\n\n\n<p>A Waypoint e a Ascentria Care Alliance alertaram o estado este ano que, sem pagamentos significativamente mais altos do Medicaid, elas teriam que encerrar o atendimento que permite que as pessoas administrem suas necessidades de sa\u00fade em suas casas. Isso deixaria seus clientes em uma encruzilhada: entrar nas longas listas de espera das casas de repouso ou tentar persuadir um membro da fam\u00edlia a intervir.<\/p>\n\n\n\n<p>&#8220;<a target=\"_blank\" href=\"https:\/\/newhampshirebulletin.com\/2023\/03\/22\/were-teetering-on-the-edge-are-medicaid-rates-making-it-harder-to-age-at-home\/\" rel=\"noreferrer noopener\">Estamos oscilando no limite<\/a>&#8220;, disse Amy Moore, diretora de atendimento domiciliar da Ascentria, ao Bulletin em mar\u00e7o.  <\/p>\n\n\n\n<p>Desde ent\u00e3o, o Department of Health and Human Services respondeu com atualiza\u00e7\u00f5es que o Ascentria e o Waypoint n\u00e3o esperavam. Jake Leon, porta-voz do DHHS, disse que algumas outras organiza\u00e7\u00f5es receberam not\u00edcias semelhantes sobre aumentos no reembolso do Medicaid.  <\/p>\n<\/div>\n\n<div class=\"wp-block-group is-vertical is-layout-flex wp-container-core-group-is-layout-fe9cc265 wp-block-group-is-layout-flex\">\n<p>Isso inclui prestadores de servi\u00e7os de ambul\u00e2ncia, o programa odontol\u00f3gico infantil e prestadores de servi\u00e7os de assist\u00eancia \u00e0 gravidez, incluindo parteiras, obstetras e centros de parto. O estado tem<a target=\"_blank\" href=\"https:\/\/newhampshirebulletin.com\/2022\/08\/15\/another-maternity-ward-closure-draws-ags-attention-raises-concerns-among-health-care-leaders\/\" rel=\"noreferrer noopener\"> visto centros de parto que aceitam pacientes do Medicaid fecharem ou enfrentarem dificuldades<\/a> porque as taxas de reembolso n\u00e3o acompanharam o aumento dos custos, principalmente do seguro contra erros m\u00e9dicos.  <\/p>\n\n\n\n<div class=\"wp-block-columns is-layout-flex wp-container-core-columns-is-layout-28f84493 wp-block-columns-is-layout-flex\">\n<div class=\"wp-block-column is-layout-flow wp-block-column-is-layout-flow\">\n<p>As negocia\u00e7\u00f5es or\u00e7ament\u00e1rias deste ano foram dominadas por alertas terr\u00edveis de provedores de servi\u00e7os e sa\u00fade, al\u00e9m do Waypoint e do Ascentria, sobre as taxas inadequadas de reembolso do Medicaid. Os prestadores de servi\u00e7os de sa\u00fade se associaram para fazer lobby junto aos legisladores sobre aumentos de taxas. Eles se autodenominavam &#8220;Varsity Team&#8221;.  <\/p>\n\n\n\n<p>Os legisladores ouviram, tanto que, quando os redatores do or\u00e7amento da C\u00e2mara estavam aguardando as estimativas de receita do estado, eles suspenderam algumas despesas, como investimentos em educa\u00e7\u00e3o superior, para proteger o dinheiro para os aumentos do Medicaid.<\/p>\n\n\n\n<p>Os hospitais do estado tamb\u00e9m priorizaram esse investimento, dizendo aos legisladores que abririam m\u00e3o do aumento da taxa do Medicaid para beneficiar outros fornecedores, como centros de sa\u00fade comportamental e servi\u00e7os de cuidados de longo prazo que ajudam a manter as pessoas fora do hospital.<\/p>\n\n\n\n<p>O or\u00e7amento estadual aprovado em junho tinha um valor sem precedentes de US$ 134 milh\u00f5es para aumentos nas taxas do Medicaid, um montante que chega a quase US$ 300 milh\u00f5es com a contrapartida federal. Foi muito mais do que os US$ 24 milh\u00f5es que o governador Chris Sununu incluiu em sua proposta or\u00e7ament\u00e1ria para aumentos.<\/p>\n<\/div>\n\n\n\n<div class=\"wp-block-column is-layout-flow wp-block-column-is-layout-flow\">\n<p>Todos os provedores tiveram um aumento de 3% nos pagamentos do Medicaid em julho, o in\u00edcio do ano or\u00e7ament\u00e1rio. Eles receber\u00e3o aumentos adicionais em janeiro.  <\/p>\n\n\n\n<p>Esses aumentos dar\u00e3o aos 10 centros comunit\u00e1rios de sa\u00fade mental do estado, que tamb\u00e9m pediram mais apoio, US$ 16,6 milh\u00f5es mais a contrapartida federal. A maioria das 60.000 pessoas atendidas pelos centros no \u00faltimo ano fiscal era segurada pelo Medicaid.  <\/p>\n\n\n\n<p>A Community Behavioral Health Association <a target=\"_blank\" href=\"https:\/\/newhampshirebulletin.com\/2023\/02\/01\/system-is-broken-mental-health-centers-seek-30-million-to-add-workers-bolster-treatment\/\" rel=\"noreferrer noopener\">alertou os legisladores em fevereiro<\/a> de que eles n\u00e3o poderiam come\u00e7ar a atender \u00e0 demanda crescente, desencadeada pela pandemia, devido \u00e0s 340 vagas cl\u00ednicas. O preenchimento dessas vagas exigiria pagamentos mais altos do Medicaid, segundo eles.  <\/p>\n\n\n\n<p>Os legisladores exigiram que $15 milh\u00f5es dos $134 milh\u00f5es em aumentos de taxas fossem direcionados aos provedores mais necessitados. O Department of Health and Human Services (Departamento de Sa\u00fade e Servi\u00e7os Humanos) considerou o Choices for Independence Program (Programa Escolhas para Independ\u00eancia), sob o qual a Waypoint e a Ascentria trabalham, como um desses servi\u00e7os de alta necessidade.  <\/p>\n<\/div>\n<\/div>\n\n\n\n<div style=\"height:50px\" aria-hidden=\"true\" class=\"wp-block-spacer wp-container-content-b30579f5\"><\/div>\n\n\n\n<p>O CFI oferece a cerca de 3.800 idosos ou portadores de defici\u00eancias do estado do Granito cuidados b\u00e1sicos, como ajuda para tomar banho, cozinhar ou se vestir, para que possam permanecer em casa ou em um ambiente comunit\u00e1rio pequeno.  <\/p>\n\n\n\n<p>Em uma an\u00e1lise dos investimentos do Medicaid, o New Hampshire Fiscal Policy Institute constatou que, entre 2011 e 2021, <a target=\"_blank\" href=\"https:\/\/newhampshirebulletin.com\/2023\/06\/05\/independence-is-almost-a-god-given-right-will-lawmakers-protect-it-in-the-budget\/\" rel=\"noreferrer noopener\">os pagamentos<\/a> do <a target=\"_blank\" href=\"https:\/\/newhampshirebulletin.com\/2023\/06\/05\/independence-is-almost-a-god-given-right-will-lawmakers-protect-it-in-the-budget\/\" rel=\"noreferrer noopener\">Medicaid<\/a> do estado <a target=\"_blank\" href=\"https:\/\/newhampshirebulletin.com\/2023\/06\/05\/independence-is-almost-a-god-given-right-will-lawmakers-protect-it-in-the-budget\/\" rel=\"noreferrer noopener\">ao CFI n\u00e3o acompanharam a infla\u00e7\u00e3o<\/a>. Se o tivessem feito, esses provedores teriam recebido um adicional de US$ 152 milh\u00f5es nesse per\u00edodo, segundo a an\u00e1lise.<\/p>\n\n\n\n<p>Kuenning, da Waypoint, e Amy Moore, diretora de atendimento domiciliar da Ascentria, disseram que o aumento permitir\u00e1 que eles aumentem o sal\u00e1rio de cerca de US$ 12 por hora para US$ 15, o suficiente para competir com cadeias de fast-food e lojas de varejo que estavam atraindo trabalhadores. Ambas as organiza\u00e7\u00f5es perderam tantos funcion\u00e1rios por causa dos baixos sal\u00e1rios que tiveram que recusar pessoas que buscavam atendimento.<\/p>\n\n\n\n<p>&#8220;N\u00e3o \u00e9 que estiv\u00e9ssemos amea\u00e7ando&#8221;, disse Kuenning, lembrando-se de seu aviso ao estado na primavera. &#8220;N\u00e3o est\u00e1vamos blefando.&#8221; Moore disse que sua ag\u00eancia est\u00e1 entrando em contato com pessoas que recusaram empregos porque pagavam muito pouco, na esperan\u00e7a de que o aumento salarial as atraia de volta. Ela disse que a ag\u00eancia j\u00e1 est\u00e1 observando um aumento no interesse.  <\/p>\n\n\n\n<p>Moore enviou a not\u00edcia do aumento da tarifa por e-mail ao diretor financeiro da Ascentria, que, assim como Moore, viu fracassarem pedidos anteriores de aumentos significativos de tarifas. &#8220;Quando ele viu (meu e-mail), gritou um pouco&#8221;, disse Moore. &#8220;Sua esposa lhe perguntou o que havia de errado.&#8221; N\u00e3o havia nada de errado. &#8220;Isso \u00e9 enorme e hist\u00f3rico&#8221;, disse Moore.  <\/p>\n<\/div>\n","protected":false},"excerpt":{"rendered":"<p>&#8216;Enorme e hist\u00f3rico&#8217;: Prestadores de servi\u00e7os de sa\u00fade de NH comemoram grandes aumentos nas taxas do Medicaid Fonte: Boletim de New Hampshire POR: ANNMARIE TIMMINS &#8211; 25 DE OUTUBRO DE 2023 6:00 AM Duas ag\u00eancias que mant\u00eam 600 pessoas fora das casas de repouso, prestando atendimento domiciliar, ficaram sabendo que o estado lhes conceder\u00e1 um [&hellip;]<\/p>\n","protected":false},"author":1,"featured_media":3888,"comment_status":"open","ping_status":"open","sticky":false,"template":"","format":"standard","meta":{"_acf_changed":false,"content-type":"","om_disable_all_campaigns":false,"footnotes":""},"categories":[283],"tags":[284],"class_list":["post-7166","post","type-post","status-publish","format-standard","has-post-thumbnail","hentry","category-noticias","tag-careparadox-pt-br"],"acf":[],"yoast_head":"<!-- This site is optimized with the Yoast SEO Premium plugin v27.4 (Yoast SEO v27.4) - https:\/\/yoast.com\/product\/yoast-seo-premium-wordpress\/ -->\n<title>Comemorando os aumentos do Medicaid - Ascentria Care Alliance<\/title>\n<meta name=\"robots\" content=\"noindex, follow\" \/>\n<meta property=\"og:locale\" content=\"pt_BR\" \/>\n<meta property=\"og:type\" content=\"article\" \/>\n<meta property=\"og:title\" content=\"Comemorando os aumentos do Medicaid\" \/>\n<meta property=\"og:description\" content=\"&#8216;Enorme e hist\u00f3rico&#8217;: Prestadores de servi\u00e7os de sa\u00fade de NH comemoram grandes aumentos nas taxas do Medicaid Fonte: Boletim de New Hampshire POR: ANNMARIE TIMMINS &#8211; 25 DE OUTUBRO DE 2023 6:00 AM Duas ag\u00eancias que mant\u00eam 600 pessoas fora das casas de repouso, prestando atendimento domiciliar, ficaram sabendo que o estado lhes conceder\u00e1 um [&hellip;]\" \/>\n<meta property=\"og:url\" content=\"https:\/\/www.ascentria.org\/pt-br\/comemorando-os-aumentos-do-medicaid\/\" \/>\n<meta property=\"og:site_name\" content=\"Ascentria Care Alliance\" \/>\n<meta property=\"article:published_time\" content=\"2023-10-25T19:00:00+00:00\" \/>\n<meta property=\"article:modified_time\" content=\"2024-02-12T21:17:16+00:00\" \/>\n<meta property=\"og:image\" content=\"https:\/\/www.ascentria.org\/wp-content\/uploads\/2023\/12\/Assisted-Living-Activity.png\" \/>\n\t<meta property=\"og:image:width\" content=\"776\" \/>\n\t<meta property=\"og:image:height\" content=\"517\" \/>\n\t<meta property=\"og:image:type\" content=\"image\/png\" \/>\n<meta name=\"author\" content=\"ascentriacadev\" \/>\n<meta name=\"twitter:card\" content=\"summary_large_image\" \/>\n<meta name=\"twitter:label1\" content=\"Escrito por\" \/>\n\t<meta name=\"twitter:data1\" content=\"ascentriacadev\" \/>\n\t<meta name=\"twitter:label2\" content=\"Est. tempo de leitura\" \/>\n\t<meta name=\"twitter:data2\" content=\"5 minutos\" \/>\n<script type=\"application\/ld+json\" class=\"yoast-schema-graph\">{\"@context\":\"https:\\\/\\\/schema.org\",\"@graph\":[{\"@type\":\"Article\",\"@id\":\"https:\\\/\\\/www.ascentria.org\\\/pt-br\\\/comemorando-os-aumentos-do-medicaid\\\/#article\",\"isPartOf\":{\"@id\":\"https:\\\/\\\/www.ascentria.org\\\/pt-br\\\/comemorando-os-aumentos-do-medicaid\\\/\"},\"author\":{\"name\":\"ascentriacadev\",\"@id\":\"https:\\\/\\\/www.ascentria.org\\\/pt-br\\\/#\\\/schema\\\/person\\\/9eb3a5d4a542989322ea69501993e083\"},\"headline\":\"Comemorando os aumentos do Medicaid\",\"datePublished\":\"2023-10-25T19:00:00+00:00\",\"dateModified\":\"2024-02-12T21:17:16+00:00\",\"mainEntityOfPage\":{\"@id\":\"https:\\\/\\\/www.ascentria.org\\\/pt-br\\\/comemorando-os-aumentos-do-medicaid\\\/\"},\"wordCount\":965,\"commentCount\":0,\"publisher\":{\"@id\":\"https:\\\/\\\/www.ascentria.org\\\/pt-br\\\/#organization\"},\"image\":{\"@id\":\"https:\\\/\\\/www.ascentria.org\\\/pt-br\\\/comemorando-os-aumentos-do-medicaid\\\/#primaryimage\"},\"thumbnailUrl\":\"https:\\\/\\\/www.ascentria.org\\\/wp-content\\\/uploads\\\/2023\\\/12\\\/Assisted-Living-Activity.png\",\"keywords\":[\"Careparadox\"],\"articleSection\":[\"Not\u00edcias\"],\"inLanguage\":\"pt-BR\",\"potentialAction\":[{\"@type\":\"CommentAction\",\"name\":\"Comment\",\"target\":[\"https:\\\/\\\/www.ascentria.org\\\/pt-br\\\/comemorando-os-aumentos-do-medicaid\\\/#respond\"]}]},{\"@type\":\"WebPage\",\"@id\":\"https:\\\/\\\/www.ascentria.org\\\/pt-br\\\/comemorando-os-aumentos-do-medicaid\\\/\",\"url\":\"https:\\\/\\\/www.ascentria.org\\\/pt-br\\\/comemorando-os-aumentos-do-medicaid\\\/\",\"name\":\"Comemorando os aumentos do Medicaid - Ascentria Care Alliance\",\"isPartOf\":{\"@id\":\"https:\\\/\\\/www.ascentria.org\\\/pt-br\\\/#website\"},\"primaryImageOfPage\":{\"@id\":\"https:\\\/\\\/www.ascentria.org\\\/pt-br\\\/comemorando-os-aumentos-do-medicaid\\\/#primaryimage\"},\"image\":{\"@id\":\"https:\\\/\\\/www.ascentria.org\\\/pt-br\\\/comemorando-os-aumentos-do-medicaid\\\/#primaryimage\"},\"thumbnailUrl\":\"https:\\\/\\\/www.ascentria.org\\\/wp-content\\\/uploads\\\/2023\\\/12\\\/Assisted-Living-Activity.png\",\"datePublished\":\"2023-10-25T19:00:00+00:00\",\"dateModified\":\"2024-02-12T21:17:16+00:00\",\"breadcrumb\":{\"@id\":\"https:\\\/\\\/www.ascentria.org\\\/pt-br\\\/comemorando-os-aumentos-do-medicaid\\\/#breadcrumb\"},\"inLanguage\":\"pt-BR\",\"potentialAction\":[{\"@type\":\"ReadAction\",\"target\":[\"https:\\\/\\\/www.ascentria.org\\\/pt-br\\\/comemorando-os-aumentos-do-medicaid\\\/\"]}]},{\"@type\":\"ImageObject\",\"inLanguage\":\"pt-BR\",\"@id\":\"https:\\\/\\\/www.ascentria.org\\\/pt-br\\\/comemorando-os-aumentos-do-medicaid\\\/#primaryimage\",\"url\":\"https:\\\/\\\/www.ascentria.org\\\/wp-content\\\/uploads\\\/2023\\\/12\\\/Assisted-Living-Activity.png\",\"contentUrl\":\"https:\\\/\\\/www.ascentria.org\\\/wp-content\\\/uploads\\\/2023\\\/12\\\/Assisted-Living-Activity.png\",\"width\":776,\"height\":517},{\"@type\":\"BreadcrumbList\",\"@id\":\"https:\\\/\\\/www.ascentria.org\\\/pt-br\\\/comemorando-os-aumentos-do-medicaid\\\/#breadcrumb\",\"itemListElement\":[{\"@type\":\"ListItem\",\"position\":1,\"name\":\"Home\",\"item\":\"https:\\\/\\\/www.ascentria.org\\\/pt-br\\\/\"},{\"@type\":\"ListItem\",\"position\":2,\"name\":\"Comemorando os aumentos do Medicaid\"}]},{\"@type\":\"WebSite\",\"@id\":\"https:\\\/\\\/www.ascentria.org\\\/pt-br\\\/#website\",\"url\":\"https:\\\/\\\/www.ascentria.org\\\/pt-br\\\/\",\"name\":\"Ascentria Care Alliance\",\"description\":\"\",\"publisher\":{\"@id\":\"https:\\\/\\\/www.ascentria.org\\\/pt-br\\\/#organization\"},\"potentialAction\":[{\"@type\":\"SearchAction\",\"target\":{\"@type\":\"EntryPoint\",\"urlTemplate\":\"https:\\\/\\\/www.ascentria.org\\\/pt-br\\\/?s={search_term_string}\"},\"query-input\":{\"@type\":\"PropertyValueSpecification\",\"valueRequired\":true,\"valueName\":\"search_term_string\"}}],\"inLanguage\":\"pt-BR\"},{\"@type\":\"Organization\",\"@id\":\"https:\\\/\\\/www.ascentria.org\\\/pt-br\\\/#organization\",\"name\":\"Ascentria Care Alliance\",\"url\":\"https:\\\/\\\/www.ascentria.org\\\/pt-br\\\/\",\"logo\":{\"@type\":\"ImageObject\",\"inLanguage\":\"pt-BR\",\"@id\":\"https:\\\/\\\/www.ascentria.org\\\/pt-br\\\/#\\\/schema\\\/logo\\\/image\\\/\",\"url\":\"https:\\\/\\\/www.ascentria.org\\\/wp-content\\\/uploads\\\/2023\\\/11\\\/asc-logo-horiz-light.png\",\"contentUrl\":\"https:\\\/\\\/www.ascentria.org\\\/wp-content\\\/uploads\\\/2023\\\/11\\\/asc-logo-horiz-light.png\",\"width\":1534,\"height\":424,\"caption\":\"Ascentria Care Alliance\"},\"image\":{\"@id\":\"https:\\\/\\\/www.ascentria.org\\\/pt-br\\\/#\\\/schema\\\/logo\\\/image\\\/\"}},{\"@type\":\"Person\",\"@id\":\"https:\\\/\\\/www.ascentria.org\\\/pt-br\\\/#\\\/schema\\\/person\\\/9eb3a5d4a542989322ea69501993e083\",\"name\":\"ascentriacadev\",\"image\":{\"@type\":\"ImageObject\",\"inLanguage\":\"pt-BR\",\"@id\":\"https:\\\/\\\/secure.gravatar.com\\\/avatar\\\/f8a43761e54d0ce53ab253f46b307c82e89b2a20bd4f32510f96abb08c666bd4?s=96&d=mm&r=g\",\"url\":\"https:\\\/\\\/secure.gravatar.com\\\/avatar\\\/f8a43761e54d0ce53ab253f46b307c82e89b2a20bd4f32510f96abb08c666bd4?s=96&d=mm&r=g\",\"contentUrl\":\"https:\\\/\\\/secure.gravatar.com\\\/avatar\\\/f8a43761e54d0ce53ab253f46b307c82e89b2a20bd4f32510f96abb08c666bd4?s=96&d=mm&r=g\",\"caption\":\"ascentriacadev\"},\"sameAs\":[\"https:\\\/\\\/ascentriacaprd.wpenginepowered.com\"],\"url\":\"https:\\\/\\\/www.ascentria.org\\\/pt-br\\\/author\\\/ascentriacadev\\\/\"}]}<\/script>\n<!-- \/ Yoast SEO Premium plugin. -->","yoast_head_json":{"title":"Comemorando os aumentos do Medicaid - Ascentria Care Alliance","robots":{"index":"noindex","follow":"follow"},"og_locale":"pt_BR","og_type":"article","og_title":"Comemorando os aumentos do Medicaid","og_description":"&#8216;Enorme e hist\u00f3rico&#8217;: Prestadores de servi\u00e7os de sa\u00fade de NH comemoram grandes aumentos nas taxas do Medicaid Fonte: Boletim de New Hampshire POR: ANNMARIE TIMMINS &#8211; 25 DE OUTUBRO DE 2023 6:00 AM Duas ag\u00eancias que mant\u00eam 600 pessoas fora das casas de repouso, prestando atendimento domiciliar, ficaram sabendo que o estado lhes conceder\u00e1 um [&hellip;]","og_url":"https:\/\/www.ascentria.org\/pt-br\/comemorando-os-aumentos-do-medicaid\/","og_site_name":"Ascentria Care Alliance","article_published_time":"2023-10-25T19:00:00+00:00","article_modified_time":"2024-02-12T21:17:16+00:00","og_image":[{"width":776,"height":517,"url":"https:\/\/www.ascentria.org\/wp-content\/uploads\/2023\/12\/Assisted-Living-Activity.png","type":"image\/png"}],"author":"ascentriacadev","twitter_card":"summary_large_image","twitter_misc":{"Escrito por":"ascentriacadev","Est. tempo de leitura":"5 minutos"},"schema":{"@context":"https:\/\/schema.org","@graph":[{"@type":"Article","@id":"https:\/\/www.ascentria.org\/pt-br\/comemorando-os-aumentos-do-medicaid\/#article","isPartOf":{"@id":"https:\/\/www.ascentria.org\/pt-br\/comemorando-os-aumentos-do-medicaid\/"},"author":{"name":"ascentriacadev","@id":"https:\/\/www.ascentria.org\/pt-br\/#\/schema\/person\/9eb3a5d4a542989322ea69501993e083"},"headline":"Comemorando os aumentos do Medicaid","datePublished":"2023-10-25T19:00:00+00:00","dateModified":"2024-02-12T21:17:16+00:00","mainEntityOfPage":{"@id":"https:\/\/www.ascentria.org\/pt-br\/comemorando-os-aumentos-do-medicaid\/"},"wordCount":965,"commentCount":0,"publisher":{"@id":"https:\/\/www.ascentria.org\/pt-br\/#organization"},"image":{"@id":"https:\/\/www.ascentria.org\/pt-br\/comemorando-os-aumentos-do-medicaid\/#primaryimage"},"thumbnailUrl":"https:\/\/www.ascentria.org\/wp-content\/uploads\/2023\/12\/Assisted-Living-Activity.png","keywords":["Careparadox"],"articleSection":["Not\u00edcias"],"inLanguage":"pt-BR","potentialAction":[{"@type":"CommentAction","name":"Comment","target":["https:\/\/www.ascentria.org\/pt-br\/comemorando-os-aumentos-do-medicaid\/#respond"]}]},{"@type":"WebPage","@id":"https:\/\/www.ascentria.org\/pt-br\/comemorando-os-aumentos-do-medicaid\/","url":"https:\/\/www.ascentria.org\/pt-br\/comemorando-os-aumentos-do-medicaid\/","name":"Comemorando os aumentos do Medicaid - Ascentria Care Alliance","isPartOf":{"@id":"https:\/\/www.ascentria.org\/pt-br\/#website"},"primaryImageOfPage":{"@id":"https:\/\/www.ascentria.org\/pt-br\/comemorando-os-aumentos-do-medicaid\/#primaryimage"},"image":{"@id":"https:\/\/www.ascentria.org\/pt-br\/comemorando-os-aumentos-do-medicaid\/#primaryimage"},"thumbnailUrl":"https:\/\/www.ascentria.org\/wp-content\/uploads\/2023\/12\/Assisted-Living-Activity.png","datePublished":"2023-10-25T19:00:00+00:00","dateModified":"2024-02-12T21:17:16+00:00","breadcrumb":{"@id":"https:\/\/www.ascentria.org\/pt-br\/comemorando-os-aumentos-do-medicaid\/#breadcrumb"},"inLanguage":"pt-BR","potentialAction":[{"@type":"ReadAction","target":["https:\/\/www.ascentria.org\/pt-br\/comemorando-os-aumentos-do-medicaid\/"]}]},{"@type":"ImageObject","inLanguage":"pt-BR","@id":"https:\/\/www.ascentria.org\/pt-br\/comemorando-os-aumentos-do-medicaid\/#primaryimage","url":"https:\/\/www.ascentria.org\/wp-content\/uploads\/2023\/12\/Assisted-Living-Activity.png","contentUrl":"https:\/\/www.ascentria.org\/wp-content\/uploads\/2023\/12\/Assisted-Living-Activity.png","width":776,"height":517},{"@type":"BreadcrumbList","@id":"https:\/\/www.ascentria.org\/pt-br\/comemorando-os-aumentos-do-medicaid\/#breadcrumb","itemListElement":[{"@type":"ListItem","position":1,"name":"Home","item":"https:\/\/www.ascentria.org\/pt-br\/"},{"@type":"ListItem","position":2,"name":"Comemorando os aumentos do Medicaid"}]},{"@type":"WebSite","@id":"https:\/\/www.ascentria.org\/pt-br\/#website","url":"https:\/\/www.ascentria.org\/pt-br\/","name":"Ascentria Care Alliance","description":"","publisher":{"@id":"https:\/\/www.ascentria.org\/pt-br\/#organization"},"potentialAction":[{"@type":"SearchAction","target":{"@type":"EntryPoint","urlTemplate":"https:\/\/www.ascentria.org\/pt-br\/?s={search_term_string}"},"query-input":{"@type":"PropertyValueSpecification","valueRequired":true,"valueName":"search_term_string"}}],"inLanguage":"pt-BR"},{"@type":"Organization","@id":"https:\/\/www.ascentria.org\/pt-br\/#organization","name":"Ascentria Care Alliance","url":"https:\/\/www.ascentria.org\/pt-br\/","logo":{"@type":"ImageObject","inLanguage":"pt-BR","@id":"https:\/\/www.ascentria.org\/pt-br\/#\/schema\/logo\/image\/","url":"https:\/\/www.ascentria.org\/wp-content\/uploads\/2023\/11\/asc-logo-horiz-light.png","contentUrl":"https:\/\/www.ascentria.org\/wp-content\/uploads\/2023\/11\/asc-logo-horiz-light.png","width":1534,"height":424,"caption":"Ascentria Care Alliance"},"image":{"@id":"https:\/\/www.ascentria.org\/pt-br\/#\/schema\/logo\/image\/"}},{"@type":"Person","@id":"https:\/\/www.ascentria.org\/pt-br\/#\/schema\/person\/9eb3a5d4a542989322ea69501993e083","name":"ascentriacadev","image":{"@type":"ImageObject","inLanguage":"pt-BR","@id":"https:\/\/secure.gravatar.com\/avatar\/f8a43761e54d0ce53ab253f46b307c82e89b2a20bd4f32510f96abb08c666bd4?s=96&d=mm&r=g","url":"https:\/\/secure.gravatar.com\/avatar\/f8a43761e54d0ce53ab253f46b307c82e89b2a20bd4f32510f96abb08c666bd4?s=96&d=mm&r=g","contentUrl":"https:\/\/secure.gravatar.com\/avatar\/f8a43761e54d0ce53ab253f46b307c82e89b2a20bd4f32510f96abb08c666bd4?s=96&d=mm&r=g","caption":"ascentriacadev"},"sameAs":["https:\/\/ascentriacaprd.wpenginepowered.com"],"url":"https:\/\/www.ascentria.org\/pt-br\/author\/ascentriacadev\/"}]}},"_links":{"self":[{"href":"https:\/\/www.ascentria.org\/pt-br\/wp-json\/wp\/v2\/posts\/7166","targetHints":{"allow":["GET"]}}],"collection":[{"href":"https:\/\/www.ascentria.org\/pt-br\/wp-json\/wp\/v2\/posts"}],"about":[{"href":"https:\/\/www.ascentria.org\/pt-br\/wp-json\/wp\/v2\/types\/post"}],"author":[{"embeddable":true,"href":"https:\/\/www.ascentria.org\/pt-br\/wp-json\/wp\/v2\/users\/1"}],"replies":[{"embeddable":true,"href":"https:\/\/www.ascentria.org\/pt-br\/wp-json\/wp\/v2\/comments?post=7166"}],"version-history":[{"count":0,"href":"https:\/\/www.ascentria.org\/pt-br\/wp-json\/wp\/v2\/posts\/7166\/revisions"}],"wp:featuredmedia":[{"embeddable":true,"href":"https:\/\/www.ascentria.org\/pt-br\/wp-json\/wp\/v2\/media\/3888"}],"wp:attachment":[{"href":"https:\/\/www.ascentria.org\/pt-br\/wp-json\/wp\/v2\/media?parent=7166"}],"wp:term":[{"taxonomy":"category","embeddable":true,"href":"https:\/\/www.ascentria.org\/pt-br\/wp-json\/wp\/v2\/categories?post=7166"},{"taxonomy":"post_tag","embeddable":true,"href":"https:\/\/www.ascentria.org\/pt-br\/wp-json\/wp\/v2\/tags?post=7166"}],"curies":[{"name":"wp","href":"https:\/\/api.w.org\/{rel}","templated":true}]}}