{"id":7296,"date":"2020-05-11T16:20:18","date_gmt":"2020-05-11T20:20:18","guid":{"rendered":"https:\/\/ascentriacaprd.wpenginepowered.com\/2020\/05\/11\/jovem-mae-agradece-aos-trabalhadores-da-linha-da-frente\/"},"modified":"2024-02-12T16:33:31","modified_gmt":"2024-02-12T21:33:31","slug":"jovem-mae-agradece-aos-trabalhadores-da-linha-da-frente","status":"publish","type":"post","link":"https:\/\/www.ascentria.org\/pt-pt\/jovem-mae-agradece-aos-trabalhadores-da-linha-da-frente\/","title":{"rendered":"Jovem m\u00e3e agradece aos trabalhadores da linha da frente"},"content":{"rendered":"\n<h2 class=\"wp-block-heading\">&#8216;Super-her\u00f3is trabalham aqui&#8217; &#8211; Jovem m\u00e3e agradece aos trabalhadores da linha da frente da Ruth House em Brockton<\/h2>\n\n<p>11 de maio de 2020 <em>A Empresa<\/em><\/p>\n\n<div class=\"wp-block-group is-vertical is-layout-flex wp-container-core-group-is-layout-fe9cc265 wp-block-group-is-layout-flex\">\n<p>Quando Jasmine Meninno estava a decidir o que desenhar numa faixa que estava a fazer para os trabalhadores essenciais da Ruth House, &#8220;Rosie the Riveter&#8221; veio-lhe logo \u00e0 cabe\u00e7a. Ela j\u00e1 tinha visto o cartaz num consult\u00f3rio m\u00e9dico. &#8220;Rosie the Riveter&#8221;, um \u00edcone cultural da Segunda Guerra Mundial, representando as mulheres que trabalharam em f\u00e1bricas e estaleiros durante a guerra, apresentava uma mulher com um len\u00e7o de cabe\u00e7a de bolinhas vermelhas e brancas e uma camisa azul, flexionando o b\u00edceps sob a frase &#8220;We Can Do It!<\/p>\n\n\n\n<p>Meninno criou um cartaz onde se l\u00ea &#8220;Super Hero&#8217;s Work Here&#8221; (Os super-her\u00f3is trabalham aqui) com um desenho de &#8220;Rosie the Riveter&#8221; &#8211; uma mulher com um len\u00e7o de bolinhas vermelhas e brancas e uma camisa azul &#8211; usando uma m\u00e1scara com o log\u00f3tipo da Mulher Maravilha. &#8220;Ela disse: &#8216;N\u00f3s podemos fazer isso!&#8217; Sim! Isso est\u00e1 a acontecer, perfeito&#8221;, disse Meninno.<\/p>\n\n\n\n<p>A faixa est\u00e1 pendurada no exterior da casa, com uma mensagem forte para os trabalhadores essenciais que trabalham na Ruth House, prestando apoio 24 horas por dia. Ela fez a faixa sozinha em dois dias.<\/p>\n\n\n\n<p>&#8220;Eu queria que elas se sentissem capacitadas&#8221;, disse Mennino. &#8220;Queria que eles soubessem que me preocupo e que aprecio o facto de virem trabalhar e de lidarem com toda a gente no lar. &#8220;Meninno, de 20 anos, vive na Ruth House h\u00e1 quase um ano. Disse que atribui ao lar o m\u00e9rito de a ter tirado da sua zona de conforto e de a ter ensinado a cuidar de si pr\u00f3pria e da sua filha de 2 anos, Katalina, da melhor forma poss\u00edvel.<\/p>\n\n\n\n<p>A Ruth House, localizada na 553 North Main St., \u00e9 uma das duas casas da Ascentria Care Alliance que oferecem alojamento a jovens m\u00e3es sem-abrigo em ambientes residenciais seguros e terap\u00eauticos para ajudar as jovens fam\u00edlias a tornarem-se auto-suficientes. As m\u00e3es sem-abrigo at\u00e9 aos 22 anos e os seus filhos residem na Ruth House como parte do modelo do Teen Parenting Program.<\/p>\n\n\n\n<p>&#8220;As raparigas ficam em m\u00e9dia um ano, mas podem ficar entre duas semanas e tr\u00eas anos&#8221;, disse Stephanie McCarthy, directora s\u00e9nior dos Servi\u00e7os para Crian\u00e7as e Fam\u00edlias em ambos os locais da Ascentria Care Alliance.<\/p>\n\n\n\n<p>&#8220;Os gestores de casos ajudam a ligar as raparigas aos recursos comunit\u00e1rios de que possam necessitar, por exemplo, sa\u00fade mental, educa\u00e7\u00e3o e apoio profissional. Tamb\u00e9m proporcionam grupos de literacia financeira, grupos de pais, culin\u00e1ria e nutri\u00e7\u00e3o&#8221;, afirmou McCarthy.<\/p>\n\n\n\n<figure class=\"wp-block-pullquote\"><blockquote><p>&#8220;A Ruth House serve de liga\u00e7\u00e3o para manter a sua esperan\u00e7a, para que possam continuar a trabalhar para atingir os seus objectivos&#8221;, afirmou.<\/p><\/blockquote><\/figure>\n\n\n\n<p>Os conselheiros residenciais ajudam a educar os jovens residentes sobre o distanciamento social, a higiene para a seguran\u00e7a e a necessidade de permanecerem na Casa Ruth para o seu bem-estar e o dos seus filhos. N\u00e3o \u00e9 uma tarefa f\u00e1cil manter uma casa cheia de adolescentes concentrados na aprendizagem \u00e0 dist\u00e2ncia, ocupados com actividades e a sentirem-se optimistas quanto ao futuro do outro lado desta crise.<br\/>&#8220;Quando se est\u00e1 a lidar com mentes adolescentes, tirando-lhes a liberdade, isso causa-lhes muito medo e ansiedade&#8221;, disse McCarthy. &#8220;Especialmente agora, com os limites dos alimentos, porque as raparigas recebem benef\u00edcios da assist\u00eancia transit\u00f3ria e fazem as suas pr\u00f3prias compras e cozinham as suas refei\u00e7\u00f5es.&#8221;<\/p>\n\n\n\n<p>Muitas m\u00e3es t\u00eam a sorte de contar com a ajuda de uma rede de apoio, como as suas pr\u00f3prias m\u00e3es, parceiros e c\u00f4njuges, ou mesmo amigos pr\u00f3ximos. Agora imagine que \u00e9 uma adolescente, uma m\u00e3e recente e que est\u00e1 completamente sozinha.<\/p>\n\n\n\n<p>&#8220;Toda a gente precisa de uma l\u00edder de claque ao seu lado&#8221;, disse McCarthy. Quando chegar a altura de Meninno deixar a Ruth House, ela planeia ficar em Brockton. &#8220;Eu adoro Brockton. Brockton ser\u00e1 sempre a minha casa&#8221;, disse ela.<\/p>\n\n\n\n<div style=\"height:0px\" aria-hidden=\"true\" class=\"wp-block-spacer wp-container-content-c00f5982\"><\/div>\n\n\n\n<p><em>Se quiser ajudar a apoiar este programa, pode fazer um donativo em honra da sua m\u00e3e para o Dia da M\u00e3e em <a href=\"http:\/\/www.ascentria.org\/mothersday\">www.ascentria.org\/mothersday<\/a> e eles enviar\u00e3o \u00e0 sua m\u00e3e um cart\u00e3o personalizado escrito \u00e0 m\u00e3o para expressar a sua gratid\u00e3o pelo seu apoio e o seu apre\u00e7o pela sua m\u00e3e.<\/em><\/p>\n<\/div>\n","protected":false},"excerpt":{"rendered":"<p>&#8216;Super-her\u00f3is trabalham aqui&#8217; &#8211; Jovem m\u00e3e agradece aos trabalhadores da linha da frente da Ruth House em Brockton 11 de maio de 2020 A Empresa Quando Jasmine Meninno estava a decidir o que desenhar numa faixa que estava a fazer para os trabalhadores essenciais da Ruth House, &#8220;Rosie the Riveter&#8221; veio-lhe logo \u00e0 cabe\u00e7a. Ela [&hellip;]<\/p>\n","protected":false},"author":1,"featured_media":3986,"comment_status":"open","ping_status":"open","sticky":false,"template":"","format":"standard","meta":{"_acf_changed":false,"content-type":"","om_disable_all_campaigns":false,"footnotes":""},"categories":[285],"tags":[317,369,370,458],"class_list":["post-7296","post","type-post","status-publish","format-standard","has-post-thumbnail","hentry","category-noticias-pt-pt","tag-ascentria-pt-pt","tag-cuidados-de-saude","tag-pandemia-pt-pt","tag-ypl-pt-pt"],"acf":[],"yoast_head":"<!-- This site is optimized with the Yoast SEO Premium plugin v27.4 (Yoast SEO v27.4) - https:\/\/yoast.com\/product\/yoast-seo-premium-wordpress\/ -->\n<title>Jovem m\u00e3e agradece aos trabalhadores da linha da frente - Ascentria Care Alliance<\/title>\n<meta name=\"robots\" content=\"noindex, follow\" \/>\n<meta property=\"og:locale\" content=\"pt_PT\" \/>\n<meta property=\"og:type\" content=\"article\" \/>\n<meta property=\"og:title\" content=\"Jovem m\u00e3e agradece aos trabalhadores da linha da frente\" \/>\n<meta property=\"og:description\" content=\"&#8216;Super-her\u00f3is trabalham aqui&#8217; &#8211; Jovem m\u00e3e agradece aos trabalhadores da linha da frente da Ruth House em Brockton 11 de maio de 2020 A Empresa Quando Jasmine Meninno estava a decidir o que desenhar numa faixa que estava a fazer para os trabalhadores essenciais da Ruth House, &#8220;Rosie the Riveter&#8221; veio-lhe logo \u00e0 cabe\u00e7a. Ela [&hellip;]\" \/>\n<meta property=\"og:url\" content=\"https:\/\/www.ascentria.org\/pt-pt\/jovem-mae-agradece-aos-trabalhadores-da-linha-da-frente\/\" \/>\n<meta property=\"og:site_name\" content=\"Ascentria Care Alliance\" \/>\n<meta property=\"article:published_time\" content=\"2020-05-11T20:20:18+00:00\" \/>\n<meta property=\"article:modified_time\" content=\"2024-02-12T21:33:31+00:00\" \/>\n<meta property=\"og:image\" content=\"https:\/\/www.ascentria.org\/wp-content\/uploads\/2024\/01\/Teen-Parenting-9.png\" \/>\n\t<meta property=\"og:image:width\" content=\"1080\" \/>\n\t<meta property=\"og:image:height\" content=\"1080\" \/>\n\t<meta property=\"og:image:type\" content=\"image\/png\" \/>\n<meta name=\"author\" content=\"ascentriacadev\" \/>\n<meta name=\"twitter:card\" content=\"summary_large_image\" \/>\n<meta name=\"twitter:label1\" content=\"Escrito por\" \/>\n\t<meta name=\"twitter:data1\" content=\"ascentriacadev\" \/>\n\t<meta name=\"twitter:label2\" content=\"Tempo estimado de leitura\" \/>\n\t<meta name=\"twitter:data2\" content=\"4 minutos\" \/>\n<script type=\"application\/ld+json\" class=\"yoast-schema-graph\">{\"@context\":\"https:\\\/\\\/schema.org\",\"@graph\":[{\"@type\":\"Article\",\"@id\":\"https:\\\/\\\/www.ascentria.org\\\/pt-pt\\\/jovem-mae-agradece-aos-trabalhadores-da-linha-da-frente\\\/#article\",\"isPartOf\":{\"@id\":\"https:\\\/\\\/www.ascentria.org\\\/pt-pt\\\/jovem-mae-agradece-aos-trabalhadores-da-linha-da-frente\\\/\"},\"author\":{\"name\":\"ascentriacadev\",\"@id\":\"https:\\\/\\\/www.ascentria.org\\\/pt-pt\\\/#\\\/schema\\\/person\\\/9eb3a5d4a542989322ea69501993e083\"},\"headline\":\"Jovem m\u00e3e agradece aos trabalhadores da linha da frente\",\"datePublished\":\"2020-05-11T20:20:18+00:00\",\"dateModified\":\"2024-02-12T21:33:31+00:00\",\"mainEntityOfPage\":{\"@id\":\"https:\\\/\\\/www.ascentria.org\\\/pt-pt\\\/jovem-mae-agradece-aos-trabalhadores-da-linha-da-frente\\\/\"},\"wordCount\":752,\"commentCount\":0,\"publisher\":{\"@id\":\"https:\\\/\\\/www.ascentria.org\\\/pt-pt\\\/#organization\"},\"image\":{\"@id\":\"https:\\\/\\\/www.ascentria.org\\\/pt-pt\\\/jovem-mae-agradece-aos-trabalhadores-da-linha-da-frente\\\/#primaryimage\"},\"thumbnailUrl\":\"https:\\\/\\\/www.ascentria.org\\\/wp-content\\\/uploads\\\/2024\\\/01\\\/Teen-Parenting-9.png\",\"keywords\":[\"ascentria\",\"cuidados de sa\u00fade\",\"pandemia\",\"YPL\"],\"articleSection\":[\"Not\u00edcias\"],\"inLanguage\":\"pt-PT\",\"potentialAction\":[{\"@type\":\"CommentAction\",\"name\":\"Comment\",\"target\":[\"https:\\\/\\\/www.ascentria.org\\\/pt-pt\\\/jovem-mae-agradece-aos-trabalhadores-da-linha-da-frente\\\/#respond\"]}]},{\"@type\":\"WebPage\",\"@id\":\"https:\\\/\\\/www.ascentria.org\\\/pt-pt\\\/jovem-mae-agradece-aos-trabalhadores-da-linha-da-frente\\\/\",\"url\":\"https:\\\/\\\/www.ascentria.org\\\/pt-pt\\\/jovem-mae-agradece-aos-trabalhadores-da-linha-da-frente\\\/\",\"name\":\"Jovem m\u00e3e agradece aos trabalhadores da linha da frente - Ascentria Care Alliance\",\"isPartOf\":{\"@id\":\"https:\\\/\\\/www.ascentria.org\\\/pt-pt\\\/#website\"},\"primaryImageOfPage\":{\"@id\":\"https:\\\/\\\/www.ascentria.org\\\/pt-pt\\\/jovem-mae-agradece-aos-trabalhadores-da-linha-da-frente\\\/#primaryimage\"},\"image\":{\"@id\":\"https:\\\/\\\/www.ascentria.org\\\/pt-pt\\\/jovem-mae-agradece-aos-trabalhadores-da-linha-da-frente\\\/#primaryimage\"},\"thumbnailUrl\":\"https:\\\/\\\/www.ascentria.org\\\/wp-content\\\/uploads\\\/2024\\\/01\\\/Teen-Parenting-9.png\",\"datePublished\":\"2020-05-11T20:20:18+00:00\",\"dateModified\":\"2024-02-12T21:33:31+00:00\",\"breadcrumb\":{\"@id\":\"https:\\\/\\\/www.ascentria.org\\\/pt-pt\\\/jovem-mae-agradece-aos-trabalhadores-da-linha-da-frente\\\/#breadcrumb\"},\"inLanguage\":\"pt-PT\",\"potentialAction\":[{\"@type\":\"ReadAction\",\"target\":[\"https:\\\/\\\/www.ascentria.org\\\/pt-pt\\\/jovem-mae-agradece-aos-trabalhadores-da-linha-da-frente\\\/\"]}]},{\"@type\":\"ImageObject\",\"inLanguage\":\"pt-PT\",\"@id\":\"https:\\\/\\\/www.ascentria.org\\\/pt-pt\\\/jovem-mae-agradece-aos-trabalhadores-da-linha-da-frente\\\/#primaryimage\",\"url\":\"https:\\\/\\\/www.ascentria.org\\\/wp-content\\\/uploads\\\/2024\\\/01\\\/Teen-Parenting-9.png\",\"contentUrl\":\"https:\\\/\\\/www.ascentria.org\\\/wp-content\\\/uploads\\\/2024\\\/01\\\/Teen-Parenting-9.png\",\"width\":1080,\"height\":1080},{\"@type\":\"BreadcrumbList\",\"@id\":\"https:\\\/\\\/www.ascentria.org\\\/pt-pt\\\/jovem-mae-agradece-aos-trabalhadores-da-linha-da-frente\\\/#breadcrumb\",\"itemListElement\":[{\"@type\":\"ListItem\",\"position\":1,\"name\":\"Home\",\"item\":\"https:\\\/\\\/www.ascentria.org\\\/pt-pt\\\/\"},{\"@type\":\"ListItem\",\"position\":2,\"name\":\"Jovem m\u00e3e agradece aos trabalhadores da linha da frente\"}]},{\"@type\":\"WebSite\",\"@id\":\"https:\\\/\\\/www.ascentria.org\\\/pt-pt\\\/#website\",\"url\":\"https:\\\/\\\/www.ascentria.org\\\/pt-pt\\\/\",\"name\":\"Ascentria Care Alliance\",\"description\":\"\",\"publisher\":{\"@id\":\"https:\\\/\\\/www.ascentria.org\\\/pt-pt\\\/#organization\"},\"potentialAction\":[{\"@type\":\"SearchAction\",\"target\":{\"@type\":\"EntryPoint\",\"urlTemplate\":\"https:\\\/\\\/www.ascentria.org\\\/pt-pt\\\/?s={search_term_string}\"},\"query-input\":{\"@type\":\"PropertyValueSpecification\",\"valueRequired\":true,\"valueName\":\"search_term_string\"}}],\"inLanguage\":\"pt-PT\"},{\"@type\":\"Organization\",\"@id\":\"https:\\\/\\\/www.ascentria.org\\\/pt-pt\\\/#organization\",\"name\":\"Ascentria Care Alliance\",\"url\":\"https:\\\/\\\/www.ascentria.org\\\/pt-pt\\\/\",\"logo\":{\"@type\":\"ImageObject\",\"inLanguage\":\"pt-PT\",\"@id\":\"https:\\\/\\\/www.ascentria.org\\\/pt-pt\\\/#\\\/schema\\\/logo\\\/image\\\/\",\"url\":\"https:\\\/\\\/www.ascentria.org\\\/wp-content\\\/uploads\\\/2023\\\/11\\\/asc-logo-horiz-light.png\",\"contentUrl\":\"https:\\\/\\\/www.ascentria.org\\\/wp-content\\\/uploads\\\/2023\\\/11\\\/asc-logo-horiz-light.png\",\"width\":1534,\"height\":424,\"caption\":\"Ascentria Care Alliance\"},\"image\":{\"@id\":\"https:\\\/\\\/www.ascentria.org\\\/pt-pt\\\/#\\\/schema\\\/logo\\\/image\\\/\"}},{\"@type\":\"Person\",\"@id\":\"https:\\\/\\\/www.ascentria.org\\\/pt-pt\\\/#\\\/schema\\\/person\\\/9eb3a5d4a542989322ea69501993e083\",\"name\":\"ascentriacadev\",\"image\":{\"@type\":\"ImageObject\",\"inLanguage\":\"pt-PT\",\"@id\":\"https:\\\/\\\/secure.gravatar.com\\\/avatar\\\/f8a43761e54d0ce53ab253f46b307c82e89b2a20bd4f32510f96abb08c666bd4?s=96&d=mm&r=g\",\"url\":\"https:\\\/\\\/secure.gravatar.com\\\/avatar\\\/f8a43761e54d0ce53ab253f46b307c82e89b2a20bd4f32510f96abb08c666bd4?s=96&d=mm&r=g\",\"contentUrl\":\"https:\\\/\\\/secure.gravatar.com\\\/avatar\\\/f8a43761e54d0ce53ab253f46b307c82e89b2a20bd4f32510f96abb08c666bd4?s=96&d=mm&r=g\",\"caption\":\"ascentriacadev\"},\"sameAs\":[\"https:\\\/\\\/ascentriacaprd.wpenginepowered.com\"],\"url\":\"https:\\\/\\\/www.ascentria.org\\\/pt-pt\\\/author\\\/ascentriacadev\\\/\"}]}<\/script>\n<!-- \/ Yoast SEO Premium plugin. -->","yoast_head_json":{"title":"Jovem m\u00e3e agradece aos trabalhadores da linha da frente - Ascentria Care Alliance","robots":{"index":"noindex","follow":"follow"},"og_locale":"pt_PT","og_type":"article","og_title":"Jovem m\u00e3e agradece aos trabalhadores da linha da frente","og_description":"&#8216;Super-her\u00f3is trabalham aqui&#8217; &#8211; Jovem m\u00e3e agradece aos trabalhadores da linha da frente da Ruth House em Brockton 11 de maio de 2020 A Empresa Quando Jasmine Meninno estava a decidir o que desenhar numa faixa que estava a fazer para os trabalhadores essenciais da Ruth House, &#8220;Rosie the Riveter&#8221; veio-lhe logo \u00e0 cabe\u00e7a. Ela [&hellip;]","og_url":"https:\/\/www.ascentria.org\/pt-pt\/jovem-mae-agradece-aos-trabalhadores-da-linha-da-frente\/","og_site_name":"Ascentria Care Alliance","article_published_time":"2020-05-11T20:20:18+00:00","article_modified_time":"2024-02-12T21:33:31+00:00","og_image":[{"width":1080,"height":1080,"url":"https:\/\/www.ascentria.org\/wp-content\/uploads\/2024\/01\/Teen-Parenting-9.png","type":"image\/png"}],"author":"ascentriacadev","twitter_card":"summary_large_image","twitter_misc":{"Escrito por":"ascentriacadev","Tempo estimado de leitura":"4 minutos"},"schema":{"@context":"https:\/\/schema.org","@graph":[{"@type":"Article","@id":"https:\/\/www.ascentria.org\/pt-pt\/jovem-mae-agradece-aos-trabalhadores-da-linha-da-frente\/#article","isPartOf":{"@id":"https:\/\/www.ascentria.org\/pt-pt\/jovem-mae-agradece-aos-trabalhadores-da-linha-da-frente\/"},"author":{"name":"ascentriacadev","@id":"https:\/\/www.ascentria.org\/pt-pt\/#\/schema\/person\/9eb3a5d4a542989322ea69501993e083"},"headline":"Jovem m\u00e3e agradece aos trabalhadores da linha da frente","datePublished":"2020-05-11T20:20:18+00:00","dateModified":"2024-02-12T21:33:31+00:00","mainEntityOfPage":{"@id":"https:\/\/www.ascentria.org\/pt-pt\/jovem-mae-agradece-aos-trabalhadores-da-linha-da-frente\/"},"wordCount":752,"commentCount":0,"publisher":{"@id":"https:\/\/www.ascentria.org\/pt-pt\/#organization"},"image":{"@id":"https:\/\/www.ascentria.org\/pt-pt\/jovem-mae-agradece-aos-trabalhadores-da-linha-da-frente\/#primaryimage"},"thumbnailUrl":"https:\/\/www.ascentria.org\/wp-content\/uploads\/2024\/01\/Teen-Parenting-9.png","keywords":["ascentria","cuidados de sa\u00fade","pandemia","YPL"],"articleSection":["Not\u00edcias"],"inLanguage":"pt-PT","potentialAction":[{"@type":"CommentAction","name":"Comment","target":["https:\/\/www.ascentria.org\/pt-pt\/jovem-mae-agradece-aos-trabalhadores-da-linha-da-frente\/#respond"]}]},{"@type":"WebPage","@id":"https:\/\/www.ascentria.org\/pt-pt\/jovem-mae-agradece-aos-trabalhadores-da-linha-da-frente\/","url":"https:\/\/www.ascentria.org\/pt-pt\/jovem-mae-agradece-aos-trabalhadores-da-linha-da-frente\/","name":"Jovem m\u00e3e agradece aos trabalhadores da linha da frente - Ascentria Care Alliance","isPartOf":{"@id":"https:\/\/www.ascentria.org\/pt-pt\/#website"},"primaryImageOfPage":{"@id":"https:\/\/www.ascentria.org\/pt-pt\/jovem-mae-agradece-aos-trabalhadores-da-linha-da-frente\/#primaryimage"},"image":{"@id":"https:\/\/www.ascentria.org\/pt-pt\/jovem-mae-agradece-aos-trabalhadores-da-linha-da-frente\/#primaryimage"},"thumbnailUrl":"https:\/\/www.ascentria.org\/wp-content\/uploads\/2024\/01\/Teen-Parenting-9.png","datePublished":"2020-05-11T20:20:18+00:00","dateModified":"2024-02-12T21:33:31+00:00","breadcrumb":{"@id":"https:\/\/www.ascentria.org\/pt-pt\/jovem-mae-agradece-aos-trabalhadores-da-linha-da-frente\/#breadcrumb"},"inLanguage":"pt-PT","potentialAction":[{"@type":"ReadAction","target":["https:\/\/www.ascentria.org\/pt-pt\/jovem-mae-agradece-aos-trabalhadores-da-linha-da-frente\/"]}]},{"@type":"ImageObject","inLanguage":"pt-PT","@id":"https:\/\/www.ascentria.org\/pt-pt\/jovem-mae-agradece-aos-trabalhadores-da-linha-da-frente\/#primaryimage","url":"https:\/\/www.ascentria.org\/wp-content\/uploads\/2024\/01\/Teen-Parenting-9.png","contentUrl":"https:\/\/www.ascentria.org\/wp-content\/uploads\/2024\/01\/Teen-Parenting-9.png","width":1080,"height":1080},{"@type":"BreadcrumbList","@id":"https:\/\/www.ascentria.org\/pt-pt\/jovem-mae-agradece-aos-trabalhadores-da-linha-da-frente\/#breadcrumb","itemListElement":[{"@type":"ListItem","position":1,"name":"Home","item":"https:\/\/www.ascentria.org\/pt-pt\/"},{"@type":"ListItem","position":2,"name":"Jovem m\u00e3e agradece aos trabalhadores da linha da frente"}]},{"@type":"WebSite","@id":"https:\/\/www.ascentria.org\/pt-pt\/#website","url":"https:\/\/www.ascentria.org\/pt-pt\/","name":"Ascentria Care Alliance","description":"","publisher":{"@id":"https:\/\/www.ascentria.org\/pt-pt\/#organization"},"potentialAction":[{"@type":"SearchAction","target":{"@type":"EntryPoint","urlTemplate":"https:\/\/www.ascentria.org\/pt-pt\/?s={search_term_string}"},"query-input":{"@type":"PropertyValueSpecification","valueRequired":true,"valueName":"search_term_string"}}],"inLanguage":"pt-PT"},{"@type":"Organization","@id":"https:\/\/www.ascentria.org\/pt-pt\/#organization","name":"Ascentria Care Alliance","url":"https:\/\/www.ascentria.org\/pt-pt\/","logo":{"@type":"ImageObject","inLanguage":"pt-PT","@id":"https:\/\/www.ascentria.org\/pt-pt\/#\/schema\/logo\/image\/","url":"https:\/\/www.ascentria.org\/wp-content\/uploads\/2023\/11\/asc-logo-horiz-light.png","contentUrl":"https:\/\/www.ascentria.org\/wp-content\/uploads\/2023\/11\/asc-logo-horiz-light.png","width":1534,"height":424,"caption":"Ascentria Care Alliance"},"image":{"@id":"https:\/\/www.ascentria.org\/pt-pt\/#\/schema\/logo\/image\/"}},{"@type":"Person","@id":"https:\/\/www.ascentria.org\/pt-pt\/#\/schema\/person\/9eb3a5d4a542989322ea69501993e083","name":"ascentriacadev","image":{"@type":"ImageObject","inLanguage":"pt-PT","@id":"https:\/\/secure.gravatar.com\/avatar\/f8a43761e54d0ce53ab253f46b307c82e89b2a20bd4f32510f96abb08c666bd4?s=96&d=mm&r=g","url":"https:\/\/secure.gravatar.com\/avatar\/f8a43761e54d0ce53ab253f46b307c82e89b2a20bd4f32510f96abb08c666bd4?s=96&d=mm&r=g","contentUrl":"https:\/\/secure.gravatar.com\/avatar\/f8a43761e54d0ce53ab253f46b307c82e89b2a20bd4f32510f96abb08c666bd4?s=96&d=mm&r=g","caption":"ascentriacadev"},"sameAs":["https:\/\/ascentriacaprd.wpenginepowered.com"],"url":"https:\/\/www.ascentria.org\/pt-pt\/author\/ascentriacadev\/"}]}},"_links":{"self":[{"href":"https:\/\/www.ascentria.org\/pt-pt\/wp-json\/wp\/v2\/posts\/7296","targetHints":{"allow":["GET"]}}],"collection":[{"href":"https:\/\/www.ascentria.org\/pt-pt\/wp-json\/wp\/v2\/posts"}],"about":[{"href":"https:\/\/www.ascentria.org\/pt-pt\/wp-json\/wp\/v2\/types\/post"}],"author":[{"embeddable":true,"href":"https:\/\/www.ascentria.org\/pt-pt\/wp-json\/wp\/v2\/users\/1"}],"replies":[{"embeddable":true,"href":"https:\/\/www.ascentria.org\/pt-pt\/wp-json\/wp\/v2\/comments?post=7296"}],"version-history":[{"count":0,"href":"https:\/\/www.ascentria.org\/pt-pt\/wp-json\/wp\/v2\/posts\/7296\/revisions"}],"wp:featuredmedia":[{"embeddable":true,"href":"https:\/\/www.ascentria.org\/pt-pt\/wp-json\/wp\/v2\/media\/3986"}],"wp:attachment":[{"href":"https:\/\/www.ascentria.org\/pt-pt\/wp-json\/wp\/v2\/media?parent=7296"}],"wp:term":[{"taxonomy":"category","embeddable":true,"href":"https:\/\/www.ascentria.org\/pt-pt\/wp-json\/wp\/v2\/categories?post=7296"},{"taxonomy":"post_tag","embeddable":true,"href":"https:\/\/www.ascentria.org\/pt-pt\/wp-json\/wp\/v2\/tags?post=7296"}],"curies":[{"name":"wp","href":"https:\/\/api.w.org\/{rel}","templated":true}]}}