{"id":7832,"date":"2024-04-24T16:14:54","date_gmt":"2024-04-24T20:14:54","guid":{"rendered":"https:\/\/www.ascentria.org\/o-floyd-pode-dancar\/"},"modified":"2024-04-24T16:17:04","modified_gmt":"2024-04-24T20:17:04","slug":"o-floyd-pode-dancar","status":"publish","type":"post","link":"https:\/\/www.ascentria.org\/pt-pt\/o-floyd-pode-dancar\/","title":{"rendered":"O Floyd pode dan\u00e7ar!"},"content":{"rendered":"\n<p>Apresentamos-te a Katie, um membro da nossa equipa de Cuidados ao Domic\u00edlio que faz a diferen\u00e7a todos os dias quando vai trabalhar com o Floyd!<\/p>\n\n<p>No meio das nossas agendas preenchidas e dos desafios que enfrentamos, \u00e9 f\u00e1cil esquecer o significado profundo do trabalho que fazemos. Mas quando paramos para refletir, lembramo-nos das vidas que tocamos e da diferen\u00e7a que fazemos, quer seja atrav\u00e9s de uma palavra de conforto, de uma m\u00e3o amiga ou de um ouvido atento. Cada intera\u00e7\u00e3o, por mais pequena que seja, tem o poder de alegrar o dia de algu\u00e9m, aliviar os seus fardos e incutir esperan\u00e7a num amanh\u00e3 melhor. \u00c9 esta compaix\u00e3o e empatia que distingue a nossa equipa e alimenta o nosso compromisso coletivo de construir uma comunidade mais solid\u00e1ria e inclusiva.<\/p>\n\n<p>Obrigado a todos e a cada um dos prestadores de cuidados da nossa rede pela tua dedica\u00e7\u00e3o e compaix\u00e3o!<\/p>\n\n<figure class=\"wp-block-embed is-type-video is-provider-youtube wp-block-embed-youtube wp-embed-aspect-16-9 wp-has-aspect-ratio\"><div class=\"wp-block-embed__wrapper\">\n<iframe title=\"Floyd can Dance! Ascentria&#039;s In-Home Care\" width=\"800\" height=\"450\" src=\"https:\/\/www.youtube.com\/embed\/Kpz1ijKRd1Y?feature=oembed\" frameborder=\"0\" allow=\"accelerometer; autoplay; clipboard-write; encrypted-media; gyroscope; picture-in-picture; web-share\" referrerpolicy=\"strict-origin-when-cross-origin\" allowfullscreen><\/iframe>\n<\/div><\/figure>\n","protected":false},"excerpt":{"rendered":"<p>Apresentamos-te a Katie, um membro da nossa equipa de Cuidados ao Domic\u00edlio que faz a diferen\u00e7a todos os dias quando vai trabalhar com o Floyd!<\/p>\n","protected":false},"author":9,"featured_media":7819,"comment_status":"open","ping_status":"open","sticky":false,"template":"","format":"standard","meta":{"_acf_changed":false,"content-type":"","om_disable_all_campaigns":false,"footnotes":""},"categories":[539,316],"tags":[555],"class_list":["post-7832","post","type-post","status-publish","format-standard","has-post-thumbnail","hentry","category-destaques-pt-pt","category-historias-pt-pt","tag-ihc-pt-pt"],"acf":[],"yoast_head":"<!-- This site is optimized with the Yoast SEO Premium plugin v27.4 (Yoast SEO v27.4) - https:\/\/yoast.com\/product\/yoast-seo-premium-wordpress\/ -->\n<title>O Floyd pode dan\u00e7ar! - Ascentria Care Alliance<\/title>\n<meta name=\"robots\" content=\"noindex, follow\" \/>\n<meta property=\"og:locale\" content=\"pt_PT\" \/>\n<meta property=\"og:type\" content=\"article\" \/>\n<meta property=\"og:title\" content=\"O Floyd pode dan\u00e7ar!\" \/>\n<meta property=\"og:description\" content=\"Apresentamos-te a Katie, um membro da nossa equipa de Cuidados ao Domic\u00edlio que faz a diferen\u00e7a todos os dias quando vai trabalhar com o Floyd!\" \/>\n<meta property=\"og:url\" content=\"https:\/\/www.ascentria.org\/pt-pt\/o-floyd-pode-dancar\/\" \/>\n<meta property=\"og:site_name\" content=\"Ascentria Care Alliance\" \/>\n<meta property=\"article:published_time\" content=\"2024-04-24T20:14:54+00:00\" \/>\n<meta property=\"article:modified_time\" content=\"2024-04-24T20:17:04+00:00\" \/>\n<meta property=\"og:image\" content=\"https:\/\/www.ascentria.org\/wp-content\/uploads\/2024\/04\/2024-04-24-16_02_23-29-Floyd-can-Dance-Ascentrias-In-Home-Care-YouTube.png\" \/>\n\t<meta property=\"og:image:width\" content=\"1248\" \/>\n\t<meta property=\"og:image:height\" content=\"605\" \/>\n\t<meta property=\"og:image:type\" content=\"image\/png\" \/>\n<meta name=\"author\" content=\"Samantha Gauvain\" \/>\n<meta name=\"twitter:card\" content=\"summary_large_image\" \/>\n<meta name=\"twitter:label1\" content=\"Escrito por\" \/>\n\t<meta name=\"twitter:data1\" content=\"Samantha Gauvain\" \/>\n\t<meta name=\"twitter:label2\" content=\"Tempo estimado de leitura\" \/>\n\t<meta name=\"twitter:data2\" content=\"1 minuto\" \/>\n<script type=\"application\/ld+json\" class=\"yoast-schema-graph\">{\"@context\":\"https:\\\/\\\/schema.org\",\"@graph\":[{\"@type\":\"Article\",\"@id\":\"https:\\\/\\\/www.ascentria.org\\\/pt-pt\\\/o-floyd-pode-dancar\\\/#article\",\"isPartOf\":{\"@id\":\"https:\\\/\\\/www.ascentria.org\\\/pt-pt\\\/o-floyd-pode-dancar\\\/\"},\"author\":{\"name\":\"Samantha Gauvain\",\"@id\":\"https:\\\/\\\/www.ascentria.org\\\/pt-pt\\\/#\\\/schema\\\/person\\\/1b081cb58a629d260219f4b30a6021fc\"},\"headline\":\"O Floyd pode dan\u00e7ar!\",\"datePublished\":\"2024-04-24T20:14:54+00:00\",\"dateModified\":\"2024-04-24T20:17:04+00:00\",\"mainEntityOfPage\":{\"@id\":\"https:\\\/\\\/www.ascentria.org\\\/pt-pt\\\/o-floyd-pode-dancar\\\/\"},\"wordCount\":172,\"commentCount\":0,\"publisher\":{\"@id\":\"https:\\\/\\\/www.ascentria.org\\\/pt-pt\\\/#organization\"},\"image\":{\"@id\":\"https:\\\/\\\/www.ascentria.org\\\/pt-pt\\\/o-floyd-pode-dancar\\\/#primaryimage\"},\"thumbnailUrl\":\"https:\\\/\\\/www.ascentria.org\\\/wp-content\\\/uploads\\\/2024\\\/04\\\/2024-04-24-16_02_23-29-Floyd-can-Dance-Ascentrias-In-Home-Care-YouTube.png\",\"keywords\":[\"IHC\"],\"articleSection\":[\"Destaques\",\"Hist\u00f3rias\"],\"inLanguage\":\"pt-PT\",\"potentialAction\":[{\"@type\":\"CommentAction\",\"name\":\"Comment\",\"target\":[\"https:\\\/\\\/www.ascentria.org\\\/pt-pt\\\/o-floyd-pode-dancar\\\/#respond\"]}]},{\"@type\":\"WebPage\",\"@id\":\"https:\\\/\\\/www.ascentria.org\\\/pt-pt\\\/o-floyd-pode-dancar\\\/\",\"url\":\"https:\\\/\\\/www.ascentria.org\\\/pt-pt\\\/o-floyd-pode-dancar\\\/\",\"name\":\"O Floyd pode dan\u00e7ar! - Ascentria Care Alliance\",\"isPartOf\":{\"@id\":\"https:\\\/\\\/www.ascentria.org\\\/pt-pt\\\/#website\"},\"primaryImageOfPage\":{\"@id\":\"https:\\\/\\\/www.ascentria.org\\\/pt-pt\\\/o-floyd-pode-dancar\\\/#primaryimage\"},\"image\":{\"@id\":\"https:\\\/\\\/www.ascentria.org\\\/pt-pt\\\/o-floyd-pode-dancar\\\/#primaryimage\"},\"thumbnailUrl\":\"https:\\\/\\\/www.ascentria.org\\\/wp-content\\\/uploads\\\/2024\\\/04\\\/2024-04-24-16_02_23-29-Floyd-can-Dance-Ascentrias-In-Home-Care-YouTube.png\",\"datePublished\":\"2024-04-24T20:14:54+00:00\",\"dateModified\":\"2024-04-24T20:17:04+00:00\",\"breadcrumb\":{\"@id\":\"https:\\\/\\\/www.ascentria.org\\\/pt-pt\\\/o-floyd-pode-dancar\\\/#breadcrumb\"},\"inLanguage\":\"pt-PT\",\"potentialAction\":[{\"@type\":\"ReadAction\",\"target\":[\"https:\\\/\\\/www.ascentria.org\\\/pt-pt\\\/o-floyd-pode-dancar\\\/\"]}]},{\"@type\":\"ImageObject\",\"inLanguage\":\"pt-PT\",\"@id\":\"https:\\\/\\\/www.ascentria.org\\\/pt-pt\\\/o-floyd-pode-dancar\\\/#primaryimage\",\"url\":\"https:\\\/\\\/www.ascentria.org\\\/wp-content\\\/uploads\\\/2024\\\/04\\\/2024-04-24-16_02_23-29-Floyd-can-Dance-Ascentrias-In-Home-Care-YouTube.png\",\"contentUrl\":\"https:\\\/\\\/www.ascentria.org\\\/wp-content\\\/uploads\\\/2024\\\/04\\\/2024-04-24-16_02_23-29-Floyd-can-Dance-Ascentrias-In-Home-Care-YouTube.png\",\"width\":1248,\"height\":605},{\"@type\":\"BreadcrumbList\",\"@id\":\"https:\\\/\\\/www.ascentria.org\\\/pt-pt\\\/o-floyd-pode-dancar\\\/#breadcrumb\",\"itemListElement\":[{\"@type\":\"ListItem\",\"position\":1,\"name\":\"Home\",\"item\":\"https:\\\/\\\/www.ascentria.org\\\/pt-pt\\\/\"},{\"@type\":\"ListItem\",\"position\":2,\"name\":\"O Floyd pode dan\u00e7ar!\"}]},{\"@type\":\"WebSite\",\"@id\":\"https:\\\/\\\/www.ascentria.org\\\/pt-pt\\\/#website\",\"url\":\"https:\\\/\\\/www.ascentria.org\\\/pt-pt\\\/\",\"name\":\"Ascentria Care Alliance\",\"description\":\"\",\"publisher\":{\"@id\":\"https:\\\/\\\/www.ascentria.org\\\/pt-pt\\\/#organization\"},\"potentialAction\":[{\"@type\":\"SearchAction\",\"target\":{\"@type\":\"EntryPoint\",\"urlTemplate\":\"https:\\\/\\\/www.ascentria.org\\\/pt-pt\\\/?s={search_term_string}\"},\"query-input\":{\"@type\":\"PropertyValueSpecification\",\"valueRequired\":true,\"valueName\":\"search_term_string\"}}],\"inLanguage\":\"pt-PT\"},{\"@type\":\"Organization\",\"@id\":\"https:\\\/\\\/www.ascentria.org\\\/pt-pt\\\/#organization\",\"name\":\"Ascentria Care Alliance\",\"url\":\"https:\\\/\\\/www.ascentria.org\\\/pt-pt\\\/\",\"logo\":{\"@type\":\"ImageObject\",\"inLanguage\":\"pt-PT\",\"@id\":\"https:\\\/\\\/www.ascentria.org\\\/pt-pt\\\/#\\\/schema\\\/logo\\\/image\\\/\",\"url\":\"https:\\\/\\\/www.ascentria.org\\\/wp-content\\\/uploads\\\/2023\\\/11\\\/asc-logo-horiz-light.png\",\"contentUrl\":\"https:\\\/\\\/www.ascentria.org\\\/wp-content\\\/uploads\\\/2023\\\/11\\\/asc-logo-horiz-light.png\",\"width\":1534,\"height\":424,\"caption\":\"Ascentria Care Alliance\"},\"image\":{\"@id\":\"https:\\\/\\\/www.ascentria.org\\\/pt-pt\\\/#\\\/schema\\\/logo\\\/image\\\/\"}},{\"@type\":\"Person\",\"@id\":\"https:\\\/\\\/www.ascentria.org\\\/pt-pt\\\/#\\\/schema\\\/person\\\/1b081cb58a629d260219f4b30a6021fc\",\"name\":\"Samantha Gauvain\",\"image\":{\"@type\":\"ImageObject\",\"inLanguage\":\"pt-PT\",\"@id\":\"https:\\\/\\\/secure.gravatar.com\\\/avatar\\\/9dcc27317000908bb722d84e297b5740ba2e12ec50a678d307b7c7f252dde1c8?s=96&d=mm&r=g\",\"url\":\"https:\\\/\\\/secure.gravatar.com\\\/avatar\\\/9dcc27317000908bb722d84e297b5740ba2e12ec50a678d307b7c7f252dde1c8?s=96&d=mm&r=g\",\"contentUrl\":\"https:\\\/\\\/secure.gravatar.com\\\/avatar\\\/9dcc27317000908bb722d84e297b5740ba2e12ec50a678d307b7c7f252dde1c8?s=96&d=mm&r=g\",\"caption\":\"Samantha Gauvain\"},\"url\":\"https:\\\/\\\/www.ascentria.org\\\/pt-pt\\\/author\\\/sgauvain\\\/\"}]}<\/script>\n<!-- \/ Yoast SEO Premium plugin. -->","yoast_head_json":{"title":"O Floyd pode dan\u00e7ar! - Ascentria Care Alliance","robots":{"index":"noindex","follow":"follow"},"og_locale":"pt_PT","og_type":"article","og_title":"O Floyd pode dan\u00e7ar!","og_description":"Apresentamos-te a Katie, um membro da nossa equipa de Cuidados ao Domic\u00edlio que faz a diferen\u00e7a todos os dias quando vai trabalhar com o Floyd!","og_url":"https:\/\/www.ascentria.org\/pt-pt\/o-floyd-pode-dancar\/","og_site_name":"Ascentria Care Alliance","article_published_time":"2024-04-24T20:14:54+00:00","article_modified_time":"2024-04-24T20:17:04+00:00","og_image":[{"width":1248,"height":605,"url":"https:\/\/www.ascentria.org\/wp-content\/uploads\/2024\/04\/2024-04-24-16_02_23-29-Floyd-can-Dance-Ascentrias-In-Home-Care-YouTube.png","type":"image\/png"}],"author":"Samantha Gauvain","twitter_card":"summary_large_image","twitter_misc":{"Escrito por":"Samantha Gauvain","Tempo estimado de leitura":"1 minuto"},"schema":{"@context":"https:\/\/schema.org","@graph":[{"@type":"Article","@id":"https:\/\/www.ascentria.org\/pt-pt\/o-floyd-pode-dancar\/#article","isPartOf":{"@id":"https:\/\/www.ascentria.org\/pt-pt\/o-floyd-pode-dancar\/"},"author":{"name":"Samantha Gauvain","@id":"https:\/\/www.ascentria.org\/pt-pt\/#\/schema\/person\/1b081cb58a629d260219f4b30a6021fc"},"headline":"O Floyd pode dan\u00e7ar!","datePublished":"2024-04-24T20:14:54+00:00","dateModified":"2024-04-24T20:17:04+00:00","mainEntityOfPage":{"@id":"https:\/\/www.ascentria.org\/pt-pt\/o-floyd-pode-dancar\/"},"wordCount":172,"commentCount":0,"publisher":{"@id":"https:\/\/www.ascentria.org\/pt-pt\/#organization"},"image":{"@id":"https:\/\/www.ascentria.org\/pt-pt\/o-floyd-pode-dancar\/#primaryimage"},"thumbnailUrl":"https:\/\/www.ascentria.org\/wp-content\/uploads\/2024\/04\/2024-04-24-16_02_23-29-Floyd-can-Dance-Ascentrias-In-Home-Care-YouTube.png","keywords":["IHC"],"articleSection":["Destaques","Hist\u00f3rias"],"inLanguage":"pt-PT","potentialAction":[{"@type":"CommentAction","name":"Comment","target":["https:\/\/www.ascentria.org\/pt-pt\/o-floyd-pode-dancar\/#respond"]}]},{"@type":"WebPage","@id":"https:\/\/www.ascentria.org\/pt-pt\/o-floyd-pode-dancar\/","url":"https:\/\/www.ascentria.org\/pt-pt\/o-floyd-pode-dancar\/","name":"O Floyd pode dan\u00e7ar! - Ascentria Care Alliance","isPartOf":{"@id":"https:\/\/www.ascentria.org\/pt-pt\/#website"},"primaryImageOfPage":{"@id":"https:\/\/www.ascentria.org\/pt-pt\/o-floyd-pode-dancar\/#primaryimage"},"image":{"@id":"https:\/\/www.ascentria.org\/pt-pt\/o-floyd-pode-dancar\/#primaryimage"},"thumbnailUrl":"https:\/\/www.ascentria.org\/wp-content\/uploads\/2024\/04\/2024-04-24-16_02_23-29-Floyd-can-Dance-Ascentrias-In-Home-Care-YouTube.png","datePublished":"2024-04-24T20:14:54+00:00","dateModified":"2024-04-24T20:17:04+00:00","breadcrumb":{"@id":"https:\/\/www.ascentria.org\/pt-pt\/o-floyd-pode-dancar\/#breadcrumb"},"inLanguage":"pt-PT","potentialAction":[{"@type":"ReadAction","target":["https:\/\/www.ascentria.org\/pt-pt\/o-floyd-pode-dancar\/"]}]},{"@type":"ImageObject","inLanguage":"pt-PT","@id":"https:\/\/www.ascentria.org\/pt-pt\/o-floyd-pode-dancar\/#primaryimage","url":"https:\/\/www.ascentria.org\/wp-content\/uploads\/2024\/04\/2024-04-24-16_02_23-29-Floyd-can-Dance-Ascentrias-In-Home-Care-YouTube.png","contentUrl":"https:\/\/www.ascentria.org\/wp-content\/uploads\/2024\/04\/2024-04-24-16_02_23-29-Floyd-can-Dance-Ascentrias-In-Home-Care-YouTube.png","width":1248,"height":605},{"@type":"BreadcrumbList","@id":"https:\/\/www.ascentria.org\/pt-pt\/o-floyd-pode-dancar\/#breadcrumb","itemListElement":[{"@type":"ListItem","position":1,"name":"Home","item":"https:\/\/www.ascentria.org\/pt-pt\/"},{"@type":"ListItem","position":2,"name":"O Floyd pode dan\u00e7ar!"}]},{"@type":"WebSite","@id":"https:\/\/www.ascentria.org\/pt-pt\/#website","url":"https:\/\/www.ascentria.org\/pt-pt\/","name":"Ascentria Care Alliance","description":"","publisher":{"@id":"https:\/\/www.ascentria.org\/pt-pt\/#organization"},"potentialAction":[{"@type":"SearchAction","target":{"@type":"EntryPoint","urlTemplate":"https:\/\/www.ascentria.org\/pt-pt\/?s={search_term_string}"},"query-input":{"@type":"PropertyValueSpecification","valueRequired":true,"valueName":"search_term_string"}}],"inLanguage":"pt-PT"},{"@type":"Organization","@id":"https:\/\/www.ascentria.org\/pt-pt\/#organization","name":"Ascentria Care Alliance","url":"https:\/\/www.ascentria.org\/pt-pt\/","logo":{"@type":"ImageObject","inLanguage":"pt-PT","@id":"https:\/\/www.ascentria.org\/pt-pt\/#\/schema\/logo\/image\/","url":"https:\/\/www.ascentria.org\/wp-content\/uploads\/2023\/11\/asc-logo-horiz-light.png","contentUrl":"https:\/\/www.ascentria.org\/wp-content\/uploads\/2023\/11\/asc-logo-horiz-light.png","width":1534,"height":424,"caption":"Ascentria Care Alliance"},"image":{"@id":"https:\/\/www.ascentria.org\/pt-pt\/#\/schema\/logo\/image\/"}},{"@type":"Person","@id":"https:\/\/www.ascentria.org\/pt-pt\/#\/schema\/person\/1b081cb58a629d260219f4b30a6021fc","name":"Samantha Gauvain","image":{"@type":"ImageObject","inLanguage":"pt-PT","@id":"https:\/\/secure.gravatar.com\/avatar\/9dcc27317000908bb722d84e297b5740ba2e12ec50a678d307b7c7f252dde1c8?s=96&d=mm&r=g","url":"https:\/\/secure.gravatar.com\/avatar\/9dcc27317000908bb722d84e297b5740ba2e12ec50a678d307b7c7f252dde1c8?s=96&d=mm&r=g","contentUrl":"https:\/\/secure.gravatar.com\/avatar\/9dcc27317000908bb722d84e297b5740ba2e12ec50a678d307b7c7f252dde1c8?s=96&d=mm&r=g","caption":"Samantha Gauvain"},"url":"https:\/\/www.ascentria.org\/pt-pt\/author\/sgauvain\/"}]}},"_links":{"self":[{"href":"https:\/\/www.ascentria.org\/pt-pt\/wp-json\/wp\/v2\/posts\/7832","targetHints":{"allow":["GET"]}}],"collection":[{"href":"https:\/\/www.ascentria.org\/pt-pt\/wp-json\/wp\/v2\/posts"}],"about":[{"href":"https:\/\/www.ascentria.org\/pt-pt\/wp-json\/wp\/v2\/types\/post"}],"author":[{"embeddable":true,"href":"https:\/\/www.ascentria.org\/pt-pt\/wp-json\/wp\/v2\/users\/9"}],"replies":[{"embeddable":true,"href":"https:\/\/www.ascentria.org\/pt-pt\/wp-json\/wp\/v2\/comments?post=7832"}],"version-history":[{"count":0,"href":"https:\/\/www.ascentria.org\/pt-pt\/wp-json\/wp\/v2\/posts\/7832\/revisions"}],"wp:featuredmedia":[{"embeddable":true,"href":"https:\/\/www.ascentria.org\/pt-pt\/wp-json\/wp\/v2\/media\/7819"}],"wp:attachment":[{"href":"https:\/\/www.ascentria.org\/pt-pt\/wp-json\/wp\/v2\/media?parent=7832"}],"wp:term":[{"taxonomy":"category","embeddable":true,"href":"https:\/\/www.ascentria.org\/pt-pt\/wp-json\/wp\/v2\/categories?post=7832"},{"taxonomy":"post_tag","embeddable":true,"href":"https:\/\/www.ascentria.org\/pt-pt\/wp-json\/wp\/v2\/tags?post=7832"}],"curies":[{"name":"wp","href":"https:\/\/api.w.org\/{rel}","templated":true}]}}