{"id":8296,"date":"2024-07-22T10:45:10","date_gmt":"2024-07-22T14:45:10","guid":{"rendered":"https:\/\/www.ascentria.org\/2024-dia-mundial-do-refugiado\/"},"modified":"2024-07-22T10:45:22","modified_gmt":"2024-07-22T14:45:22","slug":"2024-dia-mundial-do-refugiado","status":"publish","type":"post","link":"https:\/\/www.ascentria.org\/pt-pt\/2024-dia-mundial-do-refugiado\/","title":{"rendered":"2024 Dia Mundial do Refugiado"},"content":{"rendered":"\n<h2 class=\"wp-block-heading\" id=\"h-concord-celebrates-compassion-and-hope-at-2024-world-refugee-day\"><strong>Concord celebra a compaix\u00e3o e a esperan\u00e7a no Dia Mundial do Refugiado de 2024<\/strong><\/h2>\n\n<p><strong>20 de junho<\/strong> <strong>&#8211;<\/strong> Num dos dias mais quentes e ensolarados do ano, centenas de residentes de Concord, funcion\u00e1rios do governo, volunt\u00e1rios e fam\u00edlias de refugiados reuniram-se para homenagear a resili\u00eancia e as culturas das comunidades de refugiados de New Hampshire, em comemora\u00e7\u00e3o do Dia Mundial do Refugiado.<\/p>\n\n<p>O dia come\u00e7ou com actua\u00e7\u00f5es musicais e de dan\u00e7a das v\u00e1rias culturas representadas no evento. Crian\u00e7as do Nepal, do Afeganist\u00e3o e de outros pa\u00edses subiram ao palco e cantaram para dar as boas-vindas aos volunt\u00e1rios e participantes do evento. Os refugiados falaram ent\u00e3o das suas experi\u00eancias em primeira m\u00e3o, oferecendo uma vis\u00e3o comovente das suas viagens e do que significa ter um feriado como o Dia Mundial do Refugiado.<\/p>\n\n<p>Jean Hakuzimana, diretora estadual do programa Services for New Americans da Ascentria, supervisionou o evento do in\u00edcio ao fim. Hakuzimana veio do Ruanda para os EUA em 2018 \u00e0 procura de asilo e, embora n\u00e3o seja um refugiado, chegou sozinho a este pa\u00eds para construir uma nova vida. Antigo jornalista, foi ajudado por pessoas generosas que lhe proporcionaram um lugar para viver nos seus primeiros dias nos Estados Unidos.<\/p>\n\n<p>&#8220;No meu trabalho, n\u00e3o h\u00e1 maior motiva\u00e7\u00e3o do que pensar em outra pessoa como um ser humano. N\u00e3o quero sair daqui sem ajudar algu\u00e9m, e todos os dias sou encorajado pelas pessoas de boa vontade que v\u00eas aqui hoje&#8221;, disse Hakuzimana.<\/p>\n\n<p>\u00c0 medida que o dia avan\u00e7ava, as crian\u00e7as divertiam-se ainda mais com jogos nas suas mesas e partilhavam piadas com uma deliciosa variedade de pratos que representavam as v\u00e1rias comunidades de refugiados presentes no evento. O almo\u00e7o foi preparado na cozinha multicultural, onde refugiados e imigrantes de diferentes origens se juntaram para cozinhar como forma de aprenderem sobre outras culturas e de se ligarem a pessoas com uma experi\u00eancia comum.<\/p>\n\n<p>&#8220;O feriado significa que temos a tarefa de continuar a construir a comunidade. N\u00e3o se trata de dinheiro, trata-se de unir as pessoas. Avalio o sucesso da Ascentria pela forma como estamos todos integrados e como ensinamos os estados a compreender os refugiados&#8221;, disse Hakuzimana.<\/p>\n\n<p>O Dia Mundial do Refugiado \u00e9 celebrado todos os anos a 20 de junho. Todos os anos, recorda a coragem e a capacidade de resist\u00eancia dos refugiados, homenageia os seus contributos para a sociedade e permite que as suas hist\u00f3rias sejam ouvidas num palco maior.<\/p>\n\n<p>\u00c0 medida que o evento ia terminando, as crian\u00e7as e as fam\u00edlias iam saindo para se divertirem ao sol enquanto o dia arrefecia. O Dia Mundial do Refugiado 2024 viu as crian\u00e7as e as fam\u00edlias sa\u00edrem do evento de barriga cheia e com novos amigos, encerrando mais uma celebra\u00e7\u00e3o bem-sucedida.<\/p>\n","protected":false},"excerpt":{"rendered":"<p>Concord celebra a compaix\u00e3o e a esperan\u00e7a no Dia Mundial do Refugiado de 2024 20 de junho &#8211; Num dos dias mais quentes e ensolarados do ano, centenas de residentes de Concord, funcion\u00e1rios do governo, volunt\u00e1rios e fam\u00edlias de refugiados reuniram-se para homenagear a resili\u00eancia e as culturas das comunidades de refugiados de New Hampshire, [&hellip;]<\/p>\n","protected":false},"author":12,"featured_media":8104,"comment_status":"open","ping_status":"open","sticky":false,"template":"","format":"standard","meta":{"_acf_changed":false,"content-type":"","om_disable_all_campaigns":false,"footnotes":""},"categories":[316],"tags":[346],"class_list":["post-8296","post","type-post","status-publish","format-standard","has-post-thumbnail","hentry","category-historias-pt-pt","tag-sna-pt-pt"],"acf":[],"yoast_head":"<!-- This site is optimized with the Yoast SEO Premium plugin v27.4 (Yoast SEO v27.4) - https:\/\/yoast.com\/product\/yoast-seo-premium-wordpress\/ -->\n<title>2024 Dia Mundial do Refugiado - Ascentria Care Alliance<\/title>\n<meta name=\"robots\" content=\"noindex, follow\" \/>\n<meta property=\"og:locale\" content=\"pt_PT\" \/>\n<meta property=\"og:type\" content=\"article\" \/>\n<meta property=\"og:title\" content=\"2024 Dia Mundial do Refugiado\" \/>\n<meta property=\"og:description\" content=\"Concord celebra a compaix\u00e3o e a esperan\u00e7a no Dia Mundial do Refugiado de 2024 20 de junho &#8211; Num dos dias mais quentes e ensolarados do ano, centenas de residentes de Concord, funcion\u00e1rios do governo, volunt\u00e1rios e fam\u00edlias de refugiados reuniram-se para homenagear a resili\u00eancia e as culturas das comunidades de refugiados de New Hampshire, [&hellip;]\" \/>\n<meta property=\"og:url\" content=\"https:\/\/www.ascentria.org\/pt-pt\/2024-dia-mundial-do-refugiado\/\" \/>\n<meta property=\"og:site_name\" content=\"Ascentria Care Alliance\" \/>\n<meta property=\"article:published_time\" content=\"2024-07-22T14:45:10+00:00\" \/>\n<meta property=\"article:modified_time\" content=\"2024-07-22T14:45:22+00:00\" \/>\n<meta property=\"og:image\" content=\"https:\/\/www.ascentria.org\/wp-content\/uploads\/2024\/05\/World-Refugee-Day-Invite-01.png\" \/>\n\t<meta property=\"og:image:width\" content=\"1500\" \/>\n\t<meta property=\"og:image:height\" content=\"788\" \/>\n\t<meta property=\"og:image:type\" content=\"image\/png\" \/>\n<meta name=\"author\" content=\"Phoebe Swiatek\" \/>\n<meta name=\"twitter:card\" content=\"summary_large_image\" \/>\n<meta name=\"twitter:label1\" content=\"Escrito por\" \/>\n\t<meta name=\"twitter:data1\" content=\"Phoebe Swiatek\" \/>\n\t<meta name=\"twitter:label2\" content=\"Tempo estimado de leitura\" \/>\n\t<meta name=\"twitter:data2\" content=\"2 minutos\" \/>\n<script type=\"application\/ld+json\" class=\"yoast-schema-graph\">{\"@context\":\"https:\\\/\\\/schema.org\",\"@graph\":[{\"@type\":\"Article\",\"@id\":\"https:\\\/\\\/www.ascentria.org\\\/pt-pt\\\/2024-dia-mundial-do-refugiado\\\/#article\",\"isPartOf\":{\"@id\":\"https:\\\/\\\/www.ascentria.org\\\/pt-pt\\\/2024-dia-mundial-do-refugiado\\\/\"},\"author\":{\"name\":\"Phoebe Swiatek\",\"@id\":\"https:\\\/\\\/www.ascentria.org\\\/pt-pt\\\/#\\\/schema\\\/person\\\/10e0b642c6cb2ad8e4857d1d48dfb700\"},\"headline\":\"2024 Dia Mundial do Refugiado\",\"datePublished\":\"2024-07-22T14:45:10+00:00\",\"dateModified\":\"2024-07-22T14:45:22+00:00\",\"mainEntityOfPage\":{\"@id\":\"https:\\\/\\\/www.ascentria.org\\\/pt-pt\\\/2024-dia-mundial-do-refugiado\\\/\"},\"wordCount\":487,\"commentCount\":0,\"publisher\":{\"@id\":\"https:\\\/\\\/www.ascentria.org\\\/pt-pt\\\/#organization\"},\"image\":{\"@id\":\"https:\\\/\\\/www.ascentria.org\\\/pt-pt\\\/2024-dia-mundial-do-refugiado\\\/#primaryimage\"},\"thumbnailUrl\":\"https:\\\/\\\/www.ascentria.org\\\/wp-content\\\/uploads\\\/2024\\\/05\\\/World-Refugee-Day-Invite-01.png\",\"keywords\":[\"SNA\"],\"articleSection\":[\"Hist\u00f3rias\"],\"inLanguage\":\"pt-PT\",\"potentialAction\":[{\"@type\":\"CommentAction\",\"name\":\"Comment\",\"target\":[\"https:\\\/\\\/www.ascentria.org\\\/pt-pt\\\/2024-dia-mundial-do-refugiado\\\/#respond\"]}]},{\"@type\":\"WebPage\",\"@id\":\"https:\\\/\\\/www.ascentria.org\\\/pt-pt\\\/2024-dia-mundial-do-refugiado\\\/\",\"url\":\"https:\\\/\\\/www.ascentria.org\\\/pt-pt\\\/2024-dia-mundial-do-refugiado\\\/\",\"name\":\"2024 Dia Mundial do Refugiado - Ascentria Care Alliance\",\"isPartOf\":{\"@id\":\"https:\\\/\\\/www.ascentria.org\\\/pt-pt\\\/#website\"},\"primaryImageOfPage\":{\"@id\":\"https:\\\/\\\/www.ascentria.org\\\/pt-pt\\\/2024-dia-mundial-do-refugiado\\\/#primaryimage\"},\"image\":{\"@id\":\"https:\\\/\\\/www.ascentria.org\\\/pt-pt\\\/2024-dia-mundial-do-refugiado\\\/#primaryimage\"},\"thumbnailUrl\":\"https:\\\/\\\/www.ascentria.org\\\/wp-content\\\/uploads\\\/2024\\\/05\\\/World-Refugee-Day-Invite-01.png\",\"datePublished\":\"2024-07-22T14:45:10+00:00\",\"dateModified\":\"2024-07-22T14:45:22+00:00\",\"breadcrumb\":{\"@id\":\"https:\\\/\\\/www.ascentria.org\\\/pt-pt\\\/2024-dia-mundial-do-refugiado\\\/#breadcrumb\"},\"inLanguage\":\"pt-PT\",\"potentialAction\":[{\"@type\":\"ReadAction\",\"target\":[\"https:\\\/\\\/www.ascentria.org\\\/pt-pt\\\/2024-dia-mundial-do-refugiado\\\/\"]}]},{\"@type\":\"ImageObject\",\"inLanguage\":\"pt-PT\",\"@id\":\"https:\\\/\\\/www.ascentria.org\\\/pt-pt\\\/2024-dia-mundial-do-refugiado\\\/#primaryimage\",\"url\":\"https:\\\/\\\/www.ascentria.org\\\/wp-content\\\/uploads\\\/2024\\\/05\\\/World-Refugee-Day-Invite-01.png\",\"contentUrl\":\"https:\\\/\\\/www.ascentria.org\\\/wp-content\\\/uploads\\\/2024\\\/05\\\/World-Refugee-Day-Invite-01.png\",\"width\":1500,\"height\":788,\"caption\":\"Photo of people holding hands crossing the globe\"},{\"@type\":\"BreadcrumbList\",\"@id\":\"https:\\\/\\\/www.ascentria.org\\\/pt-pt\\\/2024-dia-mundial-do-refugiado\\\/#breadcrumb\",\"itemListElement\":[{\"@type\":\"ListItem\",\"position\":1,\"name\":\"Home\",\"item\":\"https:\\\/\\\/www.ascentria.org\\\/pt-pt\\\/\"},{\"@type\":\"ListItem\",\"position\":2,\"name\":\"2024 Dia Mundial do Refugiado\"}]},{\"@type\":\"WebSite\",\"@id\":\"https:\\\/\\\/www.ascentria.org\\\/pt-pt\\\/#website\",\"url\":\"https:\\\/\\\/www.ascentria.org\\\/pt-pt\\\/\",\"name\":\"Ascentria Care Alliance\",\"description\":\"\",\"publisher\":{\"@id\":\"https:\\\/\\\/www.ascentria.org\\\/pt-pt\\\/#organization\"},\"potentialAction\":[{\"@type\":\"SearchAction\",\"target\":{\"@type\":\"EntryPoint\",\"urlTemplate\":\"https:\\\/\\\/www.ascentria.org\\\/pt-pt\\\/?s={search_term_string}\"},\"query-input\":{\"@type\":\"PropertyValueSpecification\",\"valueRequired\":true,\"valueName\":\"search_term_string\"}}],\"inLanguage\":\"pt-PT\"},{\"@type\":\"Organization\",\"@id\":\"https:\\\/\\\/www.ascentria.org\\\/pt-pt\\\/#organization\",\"name\":\"Ascentria Care Alliance\",\"url\":\"https:\\\/\\\/www.ascentria.org\\\/pt-pt\\\/\",\"logo\":{\"@type\":\"ImageObject\",\"inLanguage\":\"pt-PT\",\"@id\":\"https:\\\/\\\/www.ascentria.org\\\/pt-pt\\\/#\\\/schema\\\/logo\\\/image\\\/\",\"url\":\"https:\\\/\\\/www.ascentria.org\\\/wp-content\\\/uploads\\\/2023\\\/11\\\/asc-logo-horiz-light.png\",\"contentUrl\":\"https:\\\/\\\/www.ascentria.org\\\/wp-content\\\/uploads\\\/2023\\\/11\\\/asc-logo-horiz-light.png\",\"width\":1534,\"height\":424,\"caption\":\"Ascentria Care Alliance\"},\"image\":{\"@id\":\"https:\\\/\\\/www.ascentria.org\\\/pt-pt\\\/#\\\/schema\\\/logo\\\/image\\\/\"}},{\"@type\":\"Person\",\"@id\":\"https:\\\/\\\/www.ascentria.org\\\/pt-pt\\\/#\\\/schema\\\/person\\\/10e0b642c6cb2ad8e4857d1d48dfb700\",\"name\":\"Phoebe Swiatek\",\"image\":{\"@type\":\"ImageObject\",\"inLanguage\":\"pt-PT\",\"@id\":\"https:\\\/\\\/secure.gravatar.com\\\/avatar\\\/09e48cb89322c25f2708c14d26441327d2294743c5e09f218601048a299f7c74?s=96&d=mm&r=g\",\"url\":\"https:\\\/\\\/secure.gravatar.com\\\/avatar\\\/09e48cb89322c25f2708c14d26441327d2294743c5e09f218601048a299f7c74?s=96&d=mm&r=g\",\"contentUrl\":\"https:\\\/\\\/secure.gravatar.com\\\/avatar\\\/09e48cb89322c25f2708c14d26441327d2294743c5e09f218601048a299f7c74?s=96&d=mm&r=g\",\"caption\":\"Phoebe Swiatek\"},\"url\":\"https:\\\/\\\/www.ascentria.org\\\/pt-pt\\\/author\\\/pswiatek\\\/\"}]}<\/script>\n<!-- \/ Yoast SEO Premium plugin. -->","yoast_head_json":{"title":"2024 Dia Mundial do Refugiado - Ascentria Care Alliance","robots":{"index":"noindex","follow":"follow"},"og_locale":"pt_PT","og_type":"article","og_title":"2024 Dia Mundial do Refugiado","og_description":"Concord celebra a compaix\u00e3o e a esperan\u00e7a no Dia Mundial do Refugiado de 2024 20 de junho &#8211; Num dos dias mais quentes e ensolarados do ano, centenas de residentes de Concord, funcion\u00e1rios do governo, volunt\u00e1rios e fam\u00edlias de refugiados reuniram-se para homenagear a resili\u00eancia e as culturas das comunidades de refugiados de New Hampshire, [&hellip;]","og_url":"https:\/\/www.ascentria.org\/pt-pt\/2024-dia-mundial-do-refugiado\/","og_site_name":"Ascentria Care Alliance","article_published_time":"2024-07-22T14:45:10+00:00","article_modified_time":"2024-07-22T14:45:22+00:00","og_image":[{"width":1500,"height":788,"url":"https:\/\/www.ascentria.org\/wp-content\/uploads\/2024\/05\/World-Refugee-Day-Invite-01.png","type":"image\/png"}],"author":"Phoebe Swiatek","twitter_card":"summary_large_image","twitter_misc":{"Escrito por":"Phoebe Swiatek","Tempo estimado de leitura":"2 minutos"},"schema":{"@context":"https:\/\/schema.org","@graph":[{"@type":"Article","@id":"https:\/\/www.ascentria.org\/pt-pt\/2024-dia-mundial-do-refugiado\/#article","isPartOf":{"@id":"https:\/\/www.ascentria.org\/pt-pt\/2024-dia-mundial-do-refugiado\/"},"author":{"name":"Phoebe Swiatek","@id":"https:\/\/www.ascentria.org\/pt-pt\/#\/schema\/person\/10e0b642c6cb2ad8e4857d1d48dfb700"},"headline":"2024 Dia Mundial do Refugiado","datePublished":"2024-07-22T14:45:10+00:00","dateModified":"2024-07-22T14:45:22+00:00","mainEntityOfPage":{"@id":"https:\/\/www.ascentria.org\/pt-pt\/2024-dia-mundial-do-refugiado\/"},"wordCount":487,"commentCount":0,"publisher":{"@id":"https:\/\/www.ascentria.org\/pt-pt\/#organization"},"image":{"@id":"https:\/\/www.ascentria.org\/pt-pt\/2024-dia-mundial-do-refugiado\/#primaryimage"},"thumbnailUrl":"https:\/\/www.ascentria.org\/wp-content\/uploads\/2024\/05\/World-Refugee-Day-Invite-01.png","keywords":["SNA"],"articleSection":["Hist\u00f3rias"],"inLanguage":"pt-PT","potentialAction":[{"@type":"CommentAction","name":"Comment","target":["https:\/\/www.ascentria.org\/pt-pt\/2024-dia-mundial-do-refugiado\/#respond"]}]},{"@type":"WebPage","@id":"https:\/\/www.ascentria.org\/pt-pt\/2024-dia-mundial-do-refugiado\/","url":"https:\/\/www.ascentria.org\/pt-pt\/2024-dia-mundial-do-refugiado\/","name":"2024 Dia Mundial do Refugiado - Ascentria Care Alliance","isPartOf":{"@id":"https:\/\/www.ascentria.org\/pt-pt\/#website"},"primaryImageOfPage":{"@id":"https:\/\/www.ascentria.org\/pt-pt\/2024-dia-mundial-do-refugiado\/#primaryimage"},"image":{"@id":"https:\/\/www.ascentria.org\/pt-pt\/2024-dia-mundial-do-refugiado\/#primaryimage"},"thumbnailUrl":"https:\/\/www.ascentria.org\/wp-content\/uploads\/2024\/05\/World-Refugee-Day-Invite-01.png","datePublished":"2024-07-22T14:45:10+00:00","dateModified":"2024-07-22T14:45:22+00:00","breadcrumb":{"@id":"https:\/\/www.ascentria.org\/pt-pt\/2024-dia-mundial-do-refugiado\/#breadcrumb"},"inLanguage":"pt-PT","potentialAction":[{"@type":"ReadAction","target":["https:\/\/www.ascentria.org\/pt-pt\/2024-dia-mundial-do-refugiado\/"]}]},{"@type":"ImageObject","inLanguage":"pt-PT","@id":"https:\/\/www.ascentria.org\/pt-pt\/2024-dia-mundial-do-refugiado\/#primaryimage","url":"https:\/\/www.ascentria.org\/wp-content\/uploads\/2024\/05\/World-Refugee-Day-Invite-01.png","contentUrl":"https:\/\/www.ascentria.org\/wp-content\/uploads\/2024\/05\/World-Refugee-Day-Invite-01.png","width":1500,"height":788,"caption":"Photo of people holding hands crossing the globe"},{"@type":"BreadcrumbList","@id":"https:\/\/www.ascentria.org\/pt-pt\/2024-dia-mundial-do-refugiado\/#breadcrumb","itemListElement":[{"@type":"ListItem","position":1,"name":"Home","item":"https:\/\/www.ascentria.org\/pt-pt\/"},{"@type":"ListItem","position":2,"name":"2024 Dia Mundial do Refugiado"}]},{"@type":"WebSite","@id":"https:\/\/www.ascentria.org\/pt-pt\/#website","url":"https:\/\/www.ascentria.org\/pt-pt\/","name":"Ascentria Care Alliance","description":"","publisher":{"@id":"https:\/\/www.ascentria.org\/pt-pt\/#organization"},"potentialAction":[{"@type":"SearchAction","target":{"@type":"EntryPoint","urlTemplate":"https:\/\/www.ascentria.org\/pt-pt\/?s={search_term_string}"},"query-input":{"@type":"PropertyValueSpecification","valueRequired":true,"valueName":"search_term_string"}}],"inLanguage":"pt-PT"},{"@type":"Organization","@id":"https:\/\/www.ascentria.org\/pt-pt\/#organization","name":"Ascentria Care Alliance","url":"https:\/\/www.ascentria.org\/pt-pt\/","logo":{"@type":"ImageObject","inLanguage":"pt-PT","@id":"https:\/\/www.ascentria.org\/pt-pt\/#\/schema\/logo\/image\/","url":"https:\/\/www.ascentria.org\/wp-content\/uploads\/2023\/11\/asc-logo-horiz-light.png","contentUrl":"https:\/\/www.ascentria.org\/wp-content\/uploads\/2023\/11\/asc-logo-horiz-light.png","width":1534,"height":424,"caption":"Ascentria Care Alliance"},"image":{"@id":"https:\/\/www.ascentria.org\/pt-pt\/#\/schema\/logo\/image\/"}},{"@type":"Person","@id":"https:\/\/www.ascentria.org\/pt-pt\/#\/schema\/person\/10e0b642c6cb2ad8e4857d1d48dfb700","name":"Phoebe Swiatek","image":{"@type":"ImageObject","inLanguage":"pt-PT","@id":"https:\/\/secure.gravatar.com\/avatar\/09e48cb89322c25f2708c14d26441327d2294743c5e09f218601048a299f7c74?s=96&d=mm&r=g","url":"https:\/\/secure.gravatar.com\/avatar\/09e48cb89322c25f2708c14d26441327d2294743c5e09f218601048a299f7c74?s=96&d=mm&r=g","contentUrl":"https:\/\/secure.gravatar.com\/avatar\/09e48cb89322c25f2708c14d26441327d2294743c5e09f218601048a299f7c74?s=96&d=mm&r=g","caption":"Phoebe Swiatek"},"url":"https:\/\/www.ascentria.org\/pt-pt\/author\/pswiatek\/"}]}},"_links":{"self":[{"href":"https:\/\/www.ascentria.org\/pt-pt\/wp-json\/wp\/v2\/posts\/8296","targetHints":{"allow":["GET"]}}],"collection":[{"href":"https:\/\/www.ascentria.org\/pt-pt\/wp-json\/wp\/v2\/posts"}],"about":[{"href":"https:\/\/www.ascentria.org\/pt-pt\/wp-json\/wp\/v2\/types\/post"}],"author":[{"embeddable":true,"href":"https:\/\/www.ascentria.org\/pt-pt\/wp-json\/wp\/v2\/users\/12"}],"replies":[{"embeddable":true,"href":"https:\/\/www.ascentria.org\/pt-pt\/wp-json\/wp\/v2\/comments?post=8296"}],"version-history":[{"count":0,"href":"https:\/\/www.ascentria.org\/pt-pt\/wp-json\/wp\/v2\/posts\/8296\/revisions"}],"wp:featuredmedia":[{"embeddable":true,"href":"https:\/\/www.ascentria.org\/pt-pt\/wp-json\/wp\/v2\/media\/8104"}],"wp:attachment":[{"href":"https:\/\/www.ascentria.org\/pt-pt\/wp-json\/wp\/v2\/media?parent=8296"}],"wp:term":[{"taxonomy":"category","embeddable":true,"href":"https:\/\/www.ascentria.org\/pt-pt\/wp-json\/wp\/v2\/categories?post=8296"},{"taxonomy":"post_tag","embeddable":true,"href":"https:\/\/www.ascentria.org\/pt-pt\/wp-json\/wp\/v2\/tags?post=8296"}],"curies":[{"name":"wp","href":"https:\/\/api.w.org\/{rel}","templated":true}]}}